{"id":62723,"date":"2016-02-24T16:01:05","date_gmt":"2016-02-24T14:01:05","guid":{"rendered":"http:\/\/www.sana.sy\/tr\/?p=62723"},"modified":"2016-02-25T10:20:58","modified_gmt":"2016-02-25T08:20:58","slug":"459-operasyonda-1589-hedef-imha-edildi","status":"publish","type":"post","link":"https:\/\/archive.sana.sy\/tr\/?p=62723","title":{"rendered":"459 Operasyonda 1589 Hedef \u0130mha Edildi"},"content":{"rendered":"<p>\u015eAM \u2013 Askeri kaynak Rus hava g\u00fc\u00e7lerinin Suriye hava g\u00fc\u00e7leriyle i\u015fbirli\u011fi i\u00e7inde 16 ila 24 \u015eubat tarihleri aras\u0131nda Halep, Lazkiye, Hama, Haseke, Dera ve Homs k\u0131rsallar\u0131nda ger\u00e7ekle\u015ftirdikleri 459 operasyonla 1589 ter\u00f6rist hedefi imha ettiklerini belirtti.<\/p>\n<p>Askeri kaynak SANA\u2019ya a\u00e7\u0131klamas\u0131nda operasyonlarda Hama k\u0131rsal\u0131 Esriya b\u00f6lgesinde s\u0131k\u0131 korunmu\u015f 10 mevkiin yan\u0131 s\u0131ra tank ve z\u0131rhl\u0131 ara\u00e7larla birlikte 50\u2019den fazla I\u015e\u0130D\u2019linin etkisiz hale getirildi\u011fini a\u00e7\u0131klad\u0131.<\/p>\n<p>Kaynak Homs k\u0131rsal\u0131n\u0131n g\u00fcneydo\u011fu k\u0131rsal\u0131 Tlul el Remlat B\u00f6lgesinde de I\u015e\u0130D\u2019e ait birdizi top rampas\u0131n\u0131n i\u00e7erdikleri ter\u00f6ristler ve cephaneyle birlikte imha edildiklerini s\u00f6yledi.<\/p>\n","protected":false},"excerpt":{"rendered":"<p>\u015eAM \u2013 Askeri kaynak Rus hava g\u00fc\u00e7lerinin Suriye hava g\u00fc\u00e7leriyle i\u015fbirli\u011fi i\u00e7inde 16 ila 24 \u015eubat tarihleri aras\u0131nda Halep, Lazkiye, Hama, Haseke, Dera ve Homs k\u0131rsallar\u0131nda ger\u00e7ekle\u015ftirdikleri 459 operasyonla 1589 ter\u00f6rist hedefi imha ettiklerini belirtti. Askeri kaynak SANA\u2019ya a\u00e7\u0131klamas\u0131nda operasyonlarda Hama k\u0131rsal\u0131 Esriya b\u00f6lgesinde s\u0131k\u0131 korunmu\u015f 10 mevkiin yan\u0131 s\u0131ra tank ve z\u0131rhl\u0131 ara\u00e7larla birlikte &hellip;<\/p>\n","protected":false},"author":1,"featured_media":62727,"comment_status":"closed","ping_status":"closed","sticky":false,"template":"","format":"standard","meta":{"footnotes":""},"categories":[479,575,17988,478],"tags":[17628,17048,3505,4076],"class_list":["post-62723","post","type-post","status-publish","format-standard","has-post-thumbnail","","category-haberler-yerel","category-olaylar-ve-gercekler","category-son-haberler","category-yerel","tag-hava-gucleri","tag-rus-hava-gucleri","tag-savas-ucaklari","tag-terorle-mucadele"],"_links":{"self":[{"href":"https:\/\/archive.sana.sy\/tr\/index.php?rest_route=\/wp\/v2\/posts\/62723","targetHints":{"allow":["GET"]}}],"collection":[{"href":"https:\/\/archive.sana.sy\/tr\/index.php?rest_route=\/wp\/v2\/posts"}],"about":[{"href":"https:\/\/archive.sana.sy\/tr\/index.php?rest_route=\/wp\/v2\/types\/post"}],"author":[{"embeddable":true,"href":"https:\/\/archive.sana.sy\/tr\/index.php?rest_route=\/wp\/v2\/users\/1"}],"replies":[{"embeddable":true,"href":"https:\/\/archive.sana.sy\/tr\/index.php?rest_route=%2Fwp%2Fv2%2Fcomments&post=62723"}],"version-history":[{"count":0,"href":"https:\/\/archive.sana.sy\/tr\/index.php?rest_route=\/wp\/v2\/posts\/62723\/revisions"}],"wp:featuredmedia":[{"embeddable":true,"href":"https:\/\/archive.sana.sy\/tr\/index.php?rest_route=\/wp\/v2\/media\/62727"}],"wp:attachment":[{"href":"https:\/\/archive.sana.sy\/tr\/index.php?rest_route=%2Fwp%2Fv2%2Fmedia&parent=62723"}],"wp:term":[{"taxonomy":"category","embeddable":true,"href":"https:\/\/archive.sana.sy\/tr\/index.php?rest_route=%2Fwp%2Fv2%2Fcategories&post=62723"},{"taxonomy":"post_tag","embeddable":true,"href":"https:\/\/archive.sana.sy\/tr\/index.php?rest_route=%2Fwp%2Fv2%2Ftags&post=62723"}],"curies":[{"name":"wp","href":"https:\/\/api.w.org\/{rel}","templated":true}]}}