{"id":6273,"date":"2014-07-31T22:20:08","date_gmt":"2014-07-31T19:20:08","guid":{"rendered":"http:\/\/www.sana.sy\/tr\/?p=6273"},"modified":"2014-08-01T20:02:18","modified_gmt":"2014-08-01T17:02:18","slug":"suriye-halki-teroristleri-destekleyenleri-unutmayacak","status":"publish","type":"post","link":"https:\/\/archive.sana.sy\/tr\/?p=6273","title":{"rendered":"Suriye Halk\u0131 Ter\u00f6ristleri Destekleyenleri Unutmayacak"},"content":{"rendered":"<p>PEK\u0130N \u2013 \u0130\u015flemleri y\u00fcr\u00fctmekle m\u00fckellef kabinede Ba\u015fbakan Yard\u0131mc\u0131s\u0131 D\u0131\u015fi\u015fleri ve Gurbet\u00e7iler Bakan\u0131 Velid el Muallim; Suriye&#8217;nin ge\u00e7en \u00fc\u00e7 y\u0131l boyunca s\u00fcrekli olarak maruz kald\u0131\u011f\u0131 ter\u00f6r sald\u0131r\u0131s\u0131n\u0131n t\u00fcm b\u00f6lgeye yay\u0131lma tehlikesinden uyard\u0131\u011f\u0131n\u0131 belirtti.<\/p>\n<p>\u00c7inli Global Times Gazetesinin \u0130ngilizce versiyonunda \u2018Suriye&#8217;deki Kaos, \u00c7ifte Standartlar\u0131n \u00dcr\u00fcn\u00fcd\u00fcr\u2019 ba\u015fl\u0131\u011f\u0131 alt\u0131nda yay\u0131nlad\u0131\u011f\u0131 makalesinde Muallim; d\u00fcnyan\u0131n \u00e7ok say\u0131da \u00fclkesinden 80 binden fazla ter\u00f6ristin az\u0131l\u0131 radikal \u2018cihat\u00e7\u0131 vahhabi\u2019 gruplar saflar\u0131nda Suriye&#8217;de kudurmu\u015f kanl\u0131 sava\u015f y\u00fcr\u00fctt\u00fcklerine dikkat \u00e7ekti.<\/p>\n<p>ABD ve m\u00fcttefiklerinin yan\u0131 s\u0131ra b\u00f6lgesel kimi g\u00fc\u00e7lerin Suriye&#8217;de sivilleri, ekonomiyi, hizmet kurumlar\u0131n\u0131, \u00e7ocuklar\u0131 kad\u0131nlar\u0131 ve her \u015feyi sistematik bir \u015fekilde hedef alan \u00e7okuluslu tekfirci ve hain ter\u00f6r \u00e7etelerine \u00f6rt\u00fc ve destek te\u015fkil etmelerinin as\u0131l amac\u0131n\u0131n Suriye&#8217;yi karanl\u0131k \u00e7a\u011flara geri getirmek oldu\u011funu ifade etti.<\/p>\n<p>Suriye&#8217;nin tan\u0131k oldu\u011fu krizin Suriye halk\u0131n\u0131 vatan\u0131 savunmada daha \u00e7ok birle\u015ftirdi\u011fine dikkat \u00e7eken Muallim; uluslar aras\u0131 toplumun Suriye halk\u0131n\u0131n irade ve se\u00e7ene\u011fine sayg\u0131 g\u00f6stermesinin gere\u011fini vurgulad\u0131.<\/p>\n<p>Suriye&#8217;deki kriz ve \u00e7\u00f6z\u00fcm\u00fcne yakla\u015f\u0131mda bir dizi noktaya dikkat edilmesi \u00f6nemine vurgu yapan Muallim; bunlar\u0131n ba\u015f\u0131nda ter\u00f6re deste\u011fe son verilmesi gere\u011finin alt\u0131n\u0131 \u00e7izdi. Muallim Bat\u0131l\u0131 ve kimi b\u00f6lge devletlerinin Suriye&#8217;deki ter\u00f6r gruplar\u0131na askeri, maddi ve lojistik deste\u011fi kesmeden \u015fiddetin son bulmas\u0131n\u0131n m\u00fcmk\u00fcn olmad\u0131\u011f\u0131na dikkat \u00e7eken Muallim; bu taraflar\u0131n ter\u00f6r\u00fc destekleyen politikalar\u0131n\u0131 de\u011fi\u015ftirmeleri i\u00e7in daha ka\u00e7 ki\u015finin \u00f6lmesi sorusunu dile getirdi.<\/p>\n<p>Muallim ayn\u0131 zamanda Suriyelilerin tehcir edilmelerinin arkas\u0131ndaki ger\u00e7ek nedenleri ikrar etme gere\u011fine dikkat \u00e7ekerken; ordu birliklerinin bir \u00e7ok b\u00f6lgeyi ter\u00f6rden ar\u0131nd\u0131rmas\u0131 ard\u0131ndan tehcir edilen vatanda\u015flar\u0131n b\u00fcy\u00fck \u00e7o\u011funlu\u011funun evlerine ve m\u00fclklerine d\u00f6nd\u00fcklerine vurgu yapt\u0131. Muallim; bunun da s\u00f6z konusu vatanda\u015flar\u0131n tehcir edilmelerinde as\u0131l nedenin ter\u00f6r gruplar\u0131 oldu\u011funu net bir \u015fekilde kan\u0131tlad\u0131\u011f\u0131n\u0131 belirtti.<\/p>\n<p>Bat\u0131l\u0131 g\u00fc\u00e7lerin Suriye&#8217;deki insani durumlar\u0131n k\u00f6t\u00fcye gitmesinde as\u0131l nedenin ter\u00f6r ve vah\u015fetlerinde s\u0131n\u0131r tan\u0131mayan silahl\u0131 gruplara sa\u011flad\u0131\u011f\u0131 destekten kaynakl\u0131 oldu\u011funu ikrar etmeme \u0131srar\u0131nda oldu\u011funa i\u015faret eden Muallim; Suriye&#8217;de ter\u00f6r\u00fc destekleyen devlet ve g\u00fc\u00e7lerin tehcir edilen Suriyelilerin durumlar\u0131n\u0131 Suriye&#8217;ye y\u00f6nelik sava\u015flar\u0131nda kart olarak kulland\u0131klar\u0131n\u0131, bundan dolay\u0131 da bu meselenin yak\u0131n bir s\u00fcre\u00e7te \u00e7\u00f6z\u00fclmesinin zor oldu\u011funu ifade etti.<\/p>\n<p>Muallim Suriye&#8217;deki krize en uygun yegane \u00e7\u00f6z\u00fcm\u00fcn kapsaml\u0131 siyasi diyalog arac\u0131l\u0131\u011f\u0131 ile siyasi \u00e7\u00f6z\u00fcm oldu\u011funu ikrar etmenin ka\u00e7\u0131n\u0131lmaz oldu\u011funu belirtirken; Suriye&#8217;nin bu y\u00f6nde harcad\u0131\u011f\u0131 \u00e7abalar ve att\u0131\u011f\u0131 ad\u0131mlara dikkat \u00e7ekti. Bu ba\u015flamda bir \u00e7ok b\u00f6lgede ulusal uzla\u015fman\u0131n sa\u011fland\u0131\u011f\u0131na ve \u00e7ok say\u0131da ki\u015finin silahlar\u0131yla teslim olduklar\u0131na dikkat \u00e7eken Muallim; uz\u015flama sa\u011flanan b\u00f6lgelerde ya\u015fam\u0131n hemen hemen normale d\u00f6nd\u00fc\u011f\u00fcn\u00fc, insani durumlar\u0131n da d\u00fczeldi\u011fini belirtti.<\/p>\n<p>Muallim Suriye&#8217;de ter\u00f6ristleri destekleyen ve onlar her tr\u00fcl\u00fc deste\u011fi sa\u011flayan taraflar\u0131n insanl\u0131\u011fa kar\u015f\u0131 su\u00e7lar\u0131n sorumlulu\u011funu y\u00fckleme gere\u011finin alt\u0131n\u0131 \u00e7izerken; Suriye halk\u0131n\u0131n Suriye&#8217;de insnalar\u0131n kafalar\u0131n\u0131 kesen, \u00e7ocuklar\u0131 ve kad\u0131nlar\u0131 \u00f6ld\u00fcren ter\u00f6r \u00e7etelerine destek sa\u011flayanlar\u0131 unutmayaca\u011f\u0131n\u0131n alt\u0131n\u0131 \u00e7izdi.<\/p>\n<p>Bat\u0131ya Sald\u0131r\u0131 Bahanesi Olu\u015fturacak \u0130kinci Bir Kimyasal Sald\u0131r\u0131ya \u0130zin Verilmemelidir<\/p>\n<p>Ter\u00f6ristlerin, Bat\u0131n\u0131n Suriye\u2019ye sald\u0131rmas\u0131 i\u00e7in gerek\u00e7e te\u015fkil edecek, ikinci bir kimyasal sald\u0131r\u0131 d\u00fczenlemelerine izin verilmemesi gerekti\u011fine dikkat \u00e7eken Muallim; Suriye H\u00fck\u00fcmetinin, BM ve Kimyasal Silahlar\u0131 Yasaklama Komisyonu ile tam bir i\u015fbirli\u011fi yapt\u0131\u011f\u0131n\u0131n alt\u0131n\u0131 \u00e7izdi.<\/p>\n<p>Suriye\u2019nin, ter\u00f6ristlerin eliyle sa\u011flanacak bir sald\u0131r\u0131 gerek\u00e7esiyle Suriye\u2019ye sald\u0131r\u0131 \u00e7a\u011fr\u0131lar\u0131 yap\u0131lmas\u0131n\u0131n \u00f6n\u00fcne ge\u00e7mek i\u00e7in kimyasal silahtan vazge\u00e7ti\u011fini ifade eden Muallim; Uluslararas\u0131 toplulu\u011fun Suriye\u2019ye sald\u0131r\u0131 bahanesi arayan Bat\u0131l\u0131lara a\u00e7\u0131k ve net bir uyar\u0131 yapmas\u0131 gerekti\u011fini beyan etti.<\/p>\n<p>Silahl\u0131 ter\u00f6r gruplar\u0131n\u0131n k\u00f6k\u00fcnden yok edilmesi gerekti\u011fini vurgulayan Muallim; Suriye Arap Ordusunun ter\u00f6re kar\u015f\u0131 m\u00fccadele g\u00f6revini lay\u0131k\u0131yla yerine getirdi\u011fini ibraz etti.<\/p>\n<p>Bat\u0131l\u0131lar\u0131n \u201cD\u0131\u015f Muhalefet Liderleri\u201d ile g\u00f6r\u00fc\u015fmelerin Suriye&#8217;de krizi sona erdirecek \u015feklindeki \u00e7\u00fcr\u00fcm\u00fc\u015f iddialar\u0131n\u0131n son derece ba\u015far\u0131s\u0131z bir giri\u015fim oldu\u011funa de\u011finen Muallim; Suriye halk\u0131n\u0131n ter\u00f6r h\u00fckm\u00fc ve g\u00f6lgesi alt\u0131nda ya\u015fayamayaca\u011f\u0131n\u0131 beyan etti.<\/p>\n<p>BM ilkelerini \u015fekillendiren b\u00fct\u00fcn insani de\u011ferlerin ya\u015fad\u0131\u011f\u0131m\u0131z s\u00fcre\u00e7te Suriye&#8217;de ayaklar alt\u0131nda \u00e7i\u011fnendi\u011fini ifade eden Muallim; Uluslararas\u0131 G\u00fcvenlik Konseyinin ter\u00f6r-ter\u00f6ristlerle ilgili belirsizli\u011fine son vermesi gerekti\u011finin alt\u0131n\u0131 \u00e7izdi.<\/p>\n<p>Muallim; BM Genel Sekreteri ve yard\u0131mc\u0131lar\u0131na, Suriye&#8217;de ya\u015fanmakta olan krizin siyasi \u00e7\u00f6z\u00fcm\u00fcne katk\u0131da bulunarak ve \u00e7arp\u0131t\u0131lm\u0131\u015f d\u00fc\u015f\u00fcncelere dayal\u0131 \u00f6nyarg\u0131larla al\u0131nan tutumlar\u0131n \u00f6n\u00fcne ge\u00e7erek BM Misak\u0131na itibar ve de\u011ferini iade etme \u00e7a\u011fr\u0131s\u0131nda bulundu.<\/p>\n","protected":false},"excerpt":{"rendered":"<p>PEK\u0130N \u2013 \u0130\u015flemleri y\u00fcr\u00fctmekle m\u00fckellef kabinede Ba\u015fbakan Yard\u0131mc\u0131s\u0131 D\u0131\u015fi\u015fleri ve Gurbet\u00e7iler Bakan\u0131 Velid el Muallim; Suriye&#8217;nin ge\u00e7en \u00fc\u00e7 y\u0131l boyunca s\u00fcrekli olarak maruz kald\u0131\u011f\u0131 ter\u00f6r sald\u0131r\u0131s\u0131n\u0131n t\u00fcm b\u00f6lgeye yay\u0131lma tehlikesinden uyard\u0131\u011f\u0131n\u0131 belirtti. \u00c7inli Global Times Gazetesinin \u0130ngilizce versiyonunda \u2018Suriye&#8217;deki Kaos, \u00c7ifte Standartlar\u0131n \u00dcr\u00fcn\u00fcd\u00fcr\u2019 ba\u015fl\u0131\u011f\u0131 alt\u0131nda yay\u0131nlad\u0131\u011f\u0131 makalesinde Muallim; d\u00fcnyan\u0131n \u00e7ok say\u0131da \u00fclkesinden 80 binden fazla &hellip;<\/p>\n","protected":false},"author":1,"featured_media":6278,"comment_status":"closed","ping_status":"closed","sticky":false,"template":"","format":"standard","meta":{"footnotes":""},"categories":[556,458,559,459,447,1],"tags":[1388],"class_list":["post-6273","post","type-post","status-publish","format-standard","has-post-thumbnail","","category-basin","category-dunya1","category-dunya-basini","category-haberler-arap-uluslararasi-politika","category-politika","category-news-not-sorted","tag-suriye-halki-teroristleri-destekleyenleri-unutmayacak"],"_links":{"self":[{"href":"https:\/\/archive.sana.sy\/tr\/index.php?rest_route=\/wp\/v2\/posts\/6273","targetHints":{"allow":["GET"]}}],"collection":[{"href":"https:\/\/archive.sana.sy\/tr\/index.php?rest_route=\/wp\/v2\/posts"}],"about":[{"href":"https:\/\/archive.sana.sy\/tr\/index.php?rest_route=\/wp\/v2\/types\/post"}],"author":[{"embeddable":true,"href":"https:\/\/archive.sana.sy\/tr\/index.php?rest_route=\/wp\/v2\/users\/1"}],"replies":[{"embeddable":true,"href":"https:\/\/archive.sana.sy\/tr\/index.php?rest_route=%2Fwp%2Fv2%2Fcomments&post=6273"}],"version-history":[{"count":0,"href":"https:\/\/archive.sana.sy\/tr\/index.php?rest_route=\/wp\/v2\/posts\/6273\/revisions"}],"wp:featuredmedia":[{"embeddable":true,"href":"https:\/\/archive.sana.sy\/tr\/index.php?rest_route=\/wp\/v2\/media\/6278"}],"wp:attachment":[{"href":"https:\/\/archive.sana.sy\/tr\/index.php?rest_route=%2Fwp%2Fv2%2Fmedia&parent=6273"}],"wp:term":[{"taxonomy":"category","embeddable":true,"href":"https:\/\/archive.sana.sy\/tr\/index.php?rest_route=%2Fwp%2Fv2%2Fcategories&post=6273"},{"taxonomy":"post_tag","embeddable":true,"href":"https:\/\/archive.sana.sy\/tr\/index.php?rest_route=%2Fwp%2Fv2%2Ftags&post=6273"}],"curies":[{"name":"wp","href":"https:\/\/api.w.org\/{rel}","templated":true}]}}