{"id":62739,"date":"2016-02-24T16:30:08","date_gmt":"2016-02-24T14:30:08","guid":{"rendered":"http:\/\/www.sana.sy\/tr\/?p=62739"},"modified":"2016-02-24T16:30:08","modified_gmt":"2016-02-24T14:30:08","slug":"halepte-gonullu-egitimin-ucuncu-devresi-mezun-oldu","status":"publish","type":"post","link":"https:\/\/archive.sana.sy\/tr\/?p=62739","title":{"rendered":"halep&#8217;te g\u00f6n\u00fcll\u00fc e\u011fitimin \u00fc\u00e7\u00fcnc\u00fc devresi mezun oldu"},"content":{"rendered":"<p>halep&#8217;te g\u00f6n\u00fcll\u00fc e\u011fitimin \u00fc\u00e7\u00fcnc\u00fc devresi mezun oldu<\/p>\n","protected":false},"excerpt":{"rendered":"<p>halep&#8217;te g\u00f6n\u00fcll\u00fc e\u011fitimin \u00fc\u00e7\u00fcnc\u00fc devresi mezun oldu<\/p>\n","protected":false},"author":1,"featured_media":62742,"comment_status":"closed","ping_status":"closed","sticky":false,"template":"","format":"standard","meta":{"footnotes":""},"categories":[573],"tags":[19493],"class_list":["post-62739","post","type-post","status-publish","format-standard","has-post-thumbnail","","category-goruntulu-olaylar","tag-halepte-gonullu-egitimin-ucuncu-devresi-mezun-oldu"],"_links":{"self":[{"href":"https:\/\/archive.sana.sy\/tr\/index.php?rest_route=\/wp\/v2\/posts\/62739","targetHints":{"allow":["GET"]}}],"collection":[{"href":"https:\/\/archive.sana.sy\/tr\/index.php?rest_route=\/wp\/v2\/posts"}],"about":[{"href":"https:\/\/archive.sana.sy\/tr\/index.php?rest_route=\/wp\/v2\/types\/post"}],"author":[{"embeddable":true,"href":"https:\/\/archive.sana.sy\/tr\/index.php?rest_route=\/wp\/v2\/users\/1"}],"replies":[{"embeddable":true,"href":"https:\/\/archive.sana.sy\/tr\/index.php?rest_route=%2Fwp%2Fv2%2Fcomments&post=62739"}],"version-history":[{"count":0,"href":"https:\/\/archive.sana.sy\/tr\/index.php?rest_route=\/wp\/v2\/posts\/62739\/revisions"}],"wp:featuredmedia":[{"embeddable":true,"href":"https:\/\/archive.sana.sy\/tr\/index.php?rest_route=\/wp\/v2\/media\/62742"}],"wp:attachment":[{"href":"https:\/\/archive.sana.sy\/tr\/index.php?rest_route=%2Fwp%2Fv2%2Fmedia&parent=62739"}],"wp:term":[{"taxonomy":"category","embeddable":true,"href":"https:\/\/archive.sana.sy\/tr\/index.php?rest_route=%2Fwp%2Fv2%2Fcategories&post=62739"},{"taxonomy":"post_tag","embeddable":true,"href":"https:\/\/archive.sana.sy\/tr\/index.php?rest_route=%2Fwp%2Fv2%2Ftags&post=62739"}],"curies":[{"name":"wp","href":"https:\/\/api.w.org\/{rel}","templated":true}]}}