{"id":62755,"date":"2016-02-24T19:07:19","date_gmt":"2016-02-24T17:07:19","guid":{"rendered":"http:\/\/www.sana.sy\/tr\/?p=62755"},"modified":"2016-02-24T19:07:19","modified_gmt":"2016-02-24T17:07:19","slug":"suriyenin-birlesmis-milletlerdeki-daimi-temsilcisi-bessar-el-caferi-kimi-hukumetlerin-suriye-halkinin-acilarini-kendi-dar-cikarlari-icin-kullanilacak-ticari-bir-arac-olarak-kullanmakla-birlikte-siya","status":"publish","type":"post","link":"https:\/\/archive.sana.sy\/tr\/?p=62755","title":{"rendered":"Suriye&#8217;nin Birle\u015fmi\u015f Milletlerdeki Daimi Temsilcisi Be\u015f\u015far el Caferi kimi h\u00fck\u00fcmetlerin Suriye halk\u0131n\u0131n ac\u0131lar\u0131n\u0131 kendi dar \u00e7\u0131karlar\u0131 i\u00e7in kullan\u0131lacak ticari bir ara\u00e7 olarak kullanmakla birlikte siyasi bask\u0131 edat\u0131 olarak kullanmaya \u0131srar ettiklerini belirtti. \u200f"},"content":{"rendered":"<p>Suriye&#8217;nin Birle\u015fmi\u015f Milletlerdeki Daimi Temsilcisi Be\u015f\u015far el Caferi kimi h\u00fck\u00fcmetlerin Suriye halk\u0131n\u0131n ac\u0131lar\u0131n\u0131 kendi dar \u00e7\u0131karlar\u0131 i\u00e7in kullan\u0131lacak ticari bir ara\u00e7 olarak kullanmakla birlikte siyasi bask\u0131 edat\u0131 olarak kullanmaya \u0131srar ettiklerini belirtti. \u200f<\/p>\n","protected":false},"excerpt":{"rendered":"<p>Suriye&#8217;nin Birle\u015fmi\u015f Milletlerdeki Daimi Temsilcisi Be\u015f\u015far el Caferi kimi h\u00fck\u00fcmetlerin Suriye halk\u0131n\u0131n ac\u0131lar\u0131n\u0131 kendi dar \u00e7\u0131karlar\u0131 i\u00e7in kullan\u0131lacak ticari bir ara\u00e7 olarak kullanmakla birlikte siyasi bask\u0131 edat\u0131 olarak kullanmaya \u0131srar ettiklerini belirtti. \u200f<\/p>\n","protected":false},"author":1,"featured_media":0,"comment_status":"closed","ping_status":"closed","sticky":false,"template":"","format":"standard","meta":{"footnotes":""},"categories":[17991],"tags":[],"class_list":["post-62755","post","type-post","status-publish","format-standard","","category-son-dakika"],"_links":{"self":[{"href":"https:\/\/archive.sana.sy\/tr\/index.php?rest_route=\/wp\/v2\/posts\/62755","targetHints":{"allow":["GET"]}}],"collection":[{"href":"https:\/\/archive.sana.sy\/tr\/index.php?rest_route=\/wp\/v2\/posts"}],"about":[{"href":"https:\/\/archive.sana.sy\/tr\/index.php?rest_route=\/wp\/v2\/types\/post"}],"author":[{"embeddable":true,"href":"https:\/\/archive.sana.sy\/tr\/index.php?rest_route=\/wp\/v2\/users\/1"}],"replies":[{"embeddable":true,"href":"https:\/\/archive.sana.sy\/tr\/index.php?rest_route=%2Fwp%2Fv2%2Fcomments&post=62755"}],"version-history":[{"count":0,"href":"https:\/\/archive.sana.sy\/tr\/index.php?rest_route=\/wp\/v2\/posts\/62755\/revisions"}],"wp:attachment":[{"href":"https:\/\/archive.sana.sy\/tr\/index.php?rest_route=%2Fwp%2Fv2%2Fmedia&parent=62755"}],"wp:term":[{"taxonomy":"category","embeddable":true,"href":"https:\/\/archive.sana.sy\/tr\/index.php?rest_route=%2Fwp%2Fv2%2Fcategories&post=62755"},{"taxonomy":"post_tag","embeddable":true,"href":"https:\/\/archive.sana.sy\/tr\/index.php?rest_route=%2Fwp%2Fv2%2Ftags&post=62755"}],"curies":[{"name":"wp","href":"https:\/\/api.w.org\/{rel}","templated":true}]}}