{"id":62757,"date":"2016-02-24T19:11:42","date_gmt":"2016-02-24T17:11:42","guid":{"rendered":"http:\/\/www.sana.sy\/tr\/?p=62757"},"modified":"2016-02-24T19:10:06","modified_gmt":"2016-02-24T17:10:06","slug":"bm-guvenlik-kurulunun-bugun-suriyedeki-durumlari-tartistigi-oturumda-konusan-caferi-suriyedeki-krize-cozumun-paralel-iki-eksenden-ibaret-oldugunu-belirtti-ilk-eksenin-terorle-mucadele-oldugunu-v","status":"publish","type":"post","link":"https:\/\/archive.sana.sy\/tr\/?p=62757","title":{"rendered":"BM G\u00fcvenlik Kurulunun bug\u00fcn Suriye&#8217;deki durumlar\u0131 tart\u0131\u015ft\u0131\u011f\u0131 oturumda konu\u015fan Caferi; Suriye&#8217;deki krize \u00e7\u00f6z\u00fcm\u00fcn paralel iki eksenden ibaret oldu\u011funu belirtti. \u0130lk eksenin ter\u00f6rle m\u00fccadele oldu\u011funu vurgulayan Caferi, ikinci eksenin ise siyasi s\u00fcre\u00e7 oldu\u011funu ifade etti\u200f"},"content":{"rendered":"<div class=\"PD IF\">\n<div id=\":51.co\" class=\"JL\">\n<div id=\":56.ma\" class=\"Mu SP\" title=\"\u0662\u0664\u200f\/\u0662\u200f\/\u0662\u0660\u0661\u0666 \u0667:\u0660\u0668 \u0645\"><span id=\":56.co\" class=\"tL8wMe xAWnQc\" dir=\"ltr\"><span dir=\"ltr\">BM G\u00fcvenlik Kurulunun bug\u00fcn Suriye&#8217;deki durumlar\u0131 tart\u0131\u015ft\u0131\u011f\u0131 oturumda konu\u015fan Caferi; Suriye&#8217;deki krize \u00e7\u00f6z\u00fcm\u00fcn paralel iki eksenden ibaret oldu\u011funu belirtti. \u0130lk eksenin ter\u00f6rle m\u00fccadele oldu\u011funu vurgulayan Caferi, ikinci eksenin ise siyasi s\u00fcre\u00e7 oldu\u011funu ifade etti<\/span>\u200f<\/span><\/div>\n<\/div>\n<\/div>\n<div class=\"ci\"><\/div>\n","protected":false},"excerpt":{"rendered":"<p>BM G\u00fcvenlik Kurulunun bug\u00fcn Suriye&#8217;deki durumlar\u0131 tart\u0131\u015ft\u0131\u011f\u0131 oturumda konu\u015fan Caferi; Suriye&#8217;deki krize \u00e7\u00f6z\u00fcm\u00fcn paralel iki eksenden ibaret oldu\u011funu belirtti. \u0130lk eksenin ter\u00f6rle m\u00fccadele oldu\u011funu vurgulayan Caferi, ikinci eksenin ise siyasi s\u00fcre\u00e7 oldu\u011funu ifade etti\u200f<\/p>\n","protected":false},"author":1,"featured_media":0,"comment_status":"closed","ping_status":"closed","sticky":false,"template":"","format":"standard","meta":{"footnotes":""},"categories":[17991],"tags":[],"class_list":["post-62757","post","type-post","status-publish","format-standard","","category-son-dakika"],"_links":{"self":[{"href":"https:\/\/archive.sana.sy\/tr\/index.php?rest_route=\/wp\/v2\/posts\/62757","targetHints":{"allow":["GET"]}}],"collection":[{"href":"https:\/\/archive.sana.sy\/tr\/index.php?rest_route=\/wp\/v2\/posts"}],"about":[{"href":"https:\/\/archive.sana.sy\/tr\/index.php?rest_route=\/wp\/v2\/types\/post"}],"author":[{"embeddable":true,"href":"https:\/\/archive.sana.sy\/tr\/index.php?rest_route=\/wp\/v2\/users\/1"}],"replies":[{"embeddable":true,"href":"https:\/\/archive.sana.sy\/tr\/index.php?rest_route=%2Fwp%2Fv2%2Fcomments&post=62757"}],"version-history":[{"count":0,"href":"https:\/\/archive.sana.sy\/tr\/index.php?rest_route=\/wp\/v2\/posts\/62757\/revisions"}],"wp:attachment":[{"href":"https:\/\/archive.sana.sy\/tr\/index.php?rest_route=%2Fwp%2Fv2%2Fmedia&parent=62757"}],"wp:term":[{"taxonomy":"category","embeddable":true,"href":"https:\/\/archive.sana.sy\/tr\/index.php?rest_route=%2Fwp%2Fv2%2Fcategories&post=62757"},{"taxonomy":"post_tag","embeddable":true,"href":"https:\/\/archive.sana.sy\/tr\/index.php?rest_route=%2Fwp%2Fv2%2Ftags&post=62757"}],"curies":[{"name":"wp","href":"https:\/\/api.w.org\/{rel}","templated":true}]}}