{"id":62761,"date":"2016-02-24T19:17:19","date_gmt":"2016-02-24T17:17:19","guid":{"rendered":"http:\/\/www.sana.sy\/tr\/?p=62761"},"modified":"2016-02-24T19:11:49","modified_gmt":"2016-02-24T17:11:49","slug":"suriye-hukumetinin-bastan-beri-bu-ilkede-hareket-ettigine-dikkat-ceken-caferi-simdi-de-terorle-mucadeleye-es-zamanli-olarak-siyasi-sureci-ilerletmeye-hazir-oldugunu-belirtti","status":"publish","type":"post","link":"https:\/\/archive.sana.sy\/tr\/?p=62761","title":{"rendered":"Suriye h\u00fck\u00fcmetinin ba\u015ftan beri bu ilkede hareket etti\u011fine dikkat \u00e7eken Caferi; \u015fimdi de ter\u00f6rle m\u00fccadeleye e\u015f zamanl\u0131 olarak siyasi s\u00fcreci ilerletmeye haz\u0131r oldu\u011funu belirtti."},"content":{"rendered":"<p>Suriye h\u00fck\u00fcmetinin ba\u015ftan beri bu ilkede hareket etti\u011fine dikkat \u00e7eken Caferi; \u015fimdi de ter\u00f6rle m\u00fccadeleye e\u015f zamanl\u0131 olarak siyasi s\u00fcreci ilerletmeye haz\u0131r oldu\u011funu belirtti.<\/p>\n","protected":false},"excerpt":{"rendered":"<p>Suriye h\u00fck\u00fcmetinin ba\u015ftan beri bu ilkede hareket etti\u011fine dikkat \u00e7eken Caferi; \u015fimdi de ter\u00f6rle m\u00fccadeleye e\u015f zamanl\u0131 olarak siyasi s\u00fcreci ilerletmeye haz\u0131r oldu\u011funu belirtti.<\/p>\n","protected":false},"author":1,"featured_media":0,"comment_status":"closed","ping_status":"closed","sticky":false,"template":"","format":"standard","meta":{"footnotes":""},"categories":[17991],"tags":[],"class_list":["post-62761","post","type-post","status-publish","format-standard","","category-son-dakika"],"_links":{"self":[{"href":"https:\/\/archive.sana.sy\/tr\/index.php?rest_route=\/wp\/v2\/posts\/62761","targetHints":{"allow":["GET"]}}],"collection":[{"href":"https:\/\/archive.sana.sy\/tr\/index.php?rest_route=\/wp\/v2\/posts"}],"about":[{"href":"https:\/\/archive.sana.sy\/tr\/index.php?rest_route=\/wp\/v2\/types\/post"}],"author":[{"embeddable":true,"href":"https:\/\/archive.sana.sy\/tr\/index.php?rest_route=\/wp\/v2\/users\/1"}],"replies":[{"embeddable":true,"href":"https:\/\/archive.sana.sy\/tr\/index.php?rest_route=%2Fwp%2Fv2%2Fcomments&post=62761"}],"version-history":[{"count":0,"href":"https:\/\/archive.sana.sy\/tr\/index.php?rest_route=\/wp\/v2\/posts\/62761\/revisions"}],"wp:attachment":[{"href":"https:\/\/archive.sana.sy\/tr\/index.php?rest_route=%2Fwp%2Fv2%2Fmedia&parent=62761"}],"wp:term":[{"taxonomy":"category","embeddable":true,"href":"https:\/\/archive.sana.sy\/tr\/index.php?rest_route=%2Fwp%2Fv2%2Fcategories&post=62761"},{"taxonomy":"post_tag","embeddable":true,"href":"https:\/\/archive.sana.sy\/tr\/index.php?rest_route=%2Fwp%2Fv2%2Ftags&post=62761"}],"curies":[{"name":"wp","href":"https:\/\/api.w.org\/{rel}","templated":true}]}}