{"id":62774,"date":"2016-02-24T17:34:42","date_gmt":"2016-02-24T15:34:42","guid":{"rendered":"http:\/\/www.sana.sy\/tr\/?p=62774"},"modified":"2016-02-25T10:20:00","modified_gmt":"2016-02-25T08:20:00","slug":"turkiyenin-saldirilari-uluslar-arasi-toplum-tarafindan-ele-alinmalidir","status":"publish","type":"post","link":"https:\/\/archive.sana.sy\/tr\/?p=62774","title":{"rendered":"T\u00fcrkiye\u2019nin Sald\u0131r\u0131lar\u0131 Uluslar aras\u0131 Toplum taraf\u0131ndan Ele Al\u0131nmal\u0131d\u0131r"},"content":{"rendered":"<p>MOSKOVA \u2013 Rusya Savunma Bakanl\u0131\u011f\u0131 T\u00fcrkiye rejimine ait a\u011f\u0131r toplar\u0131n Suriye topraklar\u0131na sald\u0131r\u0131lar\u0131n\u0131 s\u00fcrd\u00fcrd\u00fcklerine dikkat \u00e7ekerken, uluslar aras\u0131 toplumun uluslar aras\u0131 kararlar ve yasalar kapsam\u0131nda su\u00e7 say\u0131lan bu sald\u0131r\u0131lar\u0131 ele almas\u0131 gerekti\u011fini belirtti.<\/p>\n<p>Rusya Savunma Bakanl\u0131\u011f\u0131 resmi s\u00f6zc\u00fcs\u00fc Igor Konashenkov; Rusya ve ABD aras\u0131nda Suriye&#8217;de \u00e7at\u0131\u015fmalar\u0131n durdurulmas\u0131 konusunda var\u0131lan anla\u015fman\u0131n I\u015e\u0130D, Nusra Cephesi ve BM G\u00fcvenlik Konseyinin ter\u00f6r \u00f6rg\u00fctleri olarak s\u0131fatland\u0131rd\u0131\u011f\u0131 daha ba\u015fka ter\u00f6r \u00f6rg\u00fctleri kapsamad\u0131\u011f\u0131n\u0131n bir kez daha alt\u0131n\u0131 \u00e7izdi.<\/p>\n<p>Konashenkov Rus hava g\u00fc\u00e7lerinin son 24 saat i\u00e7inde Suriye&#8217;de bulunduklar\u0131 operasyonlarda tekfirci ter\u00f6ristleri cephane ve lojistik destek a\u00e7\u0131s\u0131ndan ciddi kay\u0131plara u\u011fratt\u0131klar\u0131na da dikkat \u00e7ekti.<\/p>\n","protected":false},"excerpt":{"rendered":"<p>MOSKOVA \u2013 Rusya Savunma Bakanl\u0131\u011f\u0131 T\u00fcrkiye rejimine ait a\u011f\u0131r toplar\u0131n Suriye topraklar\u0131na sald\u0131r\u0131lar\u0131n\u0131 s\u00fcrd\u00fcrd\u00fcklerine dikkat \u00e7ekerken, uluslar aras\u0131 toplumun uluslar aras\u0131 kararlar ve yasalar kapsam\u0131nda su\u00e7 say\u0131lan bu sald\u0131r\u0131lar\u0131 ele almas\u0131 gerekti\u011fini belirtti. Rusya Savunma Bakanl\u0131\u011f\u0131 resmi s\u00f6zc\u00fcs\u00fc Igor Konashenkov; Rusya ve ABD aras\u0131nda Suriye&#8217;de \u00e7at\u0131\u015fmalar\u0131n durdurulmas\u0131 konusunda var\u0131lan anla\u015fman\u0131n I\u015e\u0130D, Nusra Cephesi ve BM &hellip;<\/p>\n","protected":false},"author":1,"featured_media":62775,"comment_status":"closed","ping_status":"closed","sticky":false,"template":"","format":"standard","meta":{"footnotes":""},"categories":[458,459,17988],"tags":[19497],"class_list":["post-62774","post","type-post","status-publish","format-standard","has-post-thumbnail","","category-dunya1","category-haberler-arap-uluslararasi-politika","category-son-haberler","tag-turkiyenin-saldirilari-uluslar-arasi-toplum-tarafindan-ele-alinmalidir"],"_links":{"self":[{"href":"https:\/\/archive.sana.sy\/tr\/index.php?rest_route=\/wp\/v2\/posts\/62774","targetHints":{"allow":["GET"]}}],"collection":[{"href":"https:\/\/archive.sana.sy\/tr\/index.php?rest_route=\/wp\/v2\/posts"}],"about":[{"href":"https:\/\/archive.sana.sy\/tr\/index.php?rest_route=\/wp\/v2\/types\/post"}],"author":[{"embeddable":true,"href":"https:\/\/archive.sana.sy\/tr\/index.php?rest_route=\/wp\/v2\/users\/1"}],"replies":[{"embeddable":true,"href":"https:\/\/archive.sana.sy\/tr\/index.php?rest_route=%2Fwp%2Fv2%2Fcomments&post=62774"}],"version-history":[{"count":0,"href":"https:\/\/archive.sana.sy\/tr\/index.php?rest_route=\/wp\/v2\/posts\/62774\/revisions"}],"wp:featuredmedia":[{"embeddable":true,"href":"https:\/\/archive.sana.sy\/tr\/index.php?rest_route=\/wp\/v2\/media\/62775"}],"wp:attachment":[{"href":"https:\/\/archive.sana.sy\/tr\/index.php?rest_route=%2Fwp%2Fv2%2Fmedia&parent=62774"}],"wp:term":[{"taxonomy":"category","embeddable":true,"href":"https:\/\/archive.sana.sy\/tr\/index.php?rest_route=%2Fwp%2Fv2%2Fcategories&post=62774"},{"taxonomy":"post_tag","embeddable":true,"href":"https:\/\/archive.sana.sy\/tr\/index.php?rest_route=%2Fwp%2Fv2%2Ftags&post=62774"}],"curies":[{"name":"wp","href":"https:\/\/api.w.org\/{rel}","templated":true}]}}