{"id":62778,"date":"2016-02-24T13:30:45","date_gmt":"2016-02-24T11:30:45","guid":{"rendered":"http:\/\/www.sana.sy\/tr\/?p=62778"},"modified":"2016-02-25T10:25:18","modified_gmt":"2016-02-25T08:25:18","slug":"lavrov-ve-kerry-koordinasyonu-gorustu","status":"publish","type":"post","link":"https:\/\/archive.sana.sy\/tr\/?p=62778","title":{"rendered":"Lavrov ve Kerry Koordinasyonu G\u00f6r\u00fc\u015ft\u00fc"},"content":{"rendered":"<p>MOSKOVA \u2013 Rusya D\u0131\u015fi\u015fleri Bakan\u0131 Sergey Lavrov bug\u00fcn ABD\u2019li mevkida\u015f\u0131 John Kerry ile bulundu\u011fu telefon g\u00f6r\u00fc\u015fmesinde Suriye&#8217;de \u00e7at\u0131\u015fmalara son verme anla\u015fmas\u0131n\u0131n hayata ge\u00e7irilmesine haz\u0131rl\u0131klar\u0131n yan\u0131 s\u0131ra iki taraf aras\u0131ndaki koordinasyonu masaya yat\u0131rd\u0131.<\/p>\n<p>Rusya D\u0131\u015fi\u015fleri Bakanl\u0131\u011f\u0131 yay\u0131nlad\u0131\u011f\u0131 ve RT web haber sitesinin aktard\u0131\u011f\u0131 beyanda; Rusya ve ABD ba\u015fkanlar\u0131n\u0131n onaylad\u0131\u011f\u0131 anla\u015fma kapsam\u0131nda iki \u00fclke d\u0131\u015fi\u015fleri bakanlar\u0131n\u0131n Suriye&#8217;de ter\u00f6r \u00f6rg\u00fctleri haricinde \u00e7at\u0131\u015fmalar\u0131n durdurulmas\u0131na ili\u015fkin anla\u015fman\u0131n hayata ge\u00e7irilmesi i\u00e7in iki \u00fclke aras\u0131nda gerekli olan askeri i\u015fbirli\u011fi ve koordinasyonu s\u00fcrd\u00fcrd\u00fcklerini ifade etti.<\/p>\n<p>\u0130ki bakan\u0131n siyasi \u00e7\u00f6z\u00fcm i\u00e7in Suriyeliler aras\u0131ndaki diyalog g\u00f6r\u00fc\u015fmelerin,n acilen yeniden ba\u015flat\u0131lmas\u0131 gere\u011fini de tart\u0131\u015ft\u0131klar\u0131n\u0131n ifade edildi\u011fi beyanda; iki \u00fclke a\u00e7\u0131s\u0131ndan ortak \u00f6nem ta\u015f\u0131yan meseleleri de ele ald\u0131klar\u0131 kaydedildi.<\/p>\n","protected":false},"excerpt":{"rendered":"<p>MOSKOVA \u2013 Rusya D\u0131\u015fi\u015fleri Bakan\u0131 Sergey Lavrov bug\u00fcn ABD\u2019li mevkida\u015f\u0131 John Kerry ile bulundu\u011fu telefon g\u00f6r\u00fc\u015fmesinde Suriye&#8217;de \u00e7at\u0131\u015fmalara son verme anla\u015fmas\u0131n\u0131n hayata ge\u00e7irilmesine haz\u0131rl\u0131klar\u0131n yan\u0131 s\u0131ra iki taraf aras\u0131ndaki koordinasyonu masaya yat\u0131rd\u0131. Rusya D\u0131\u015fi\u015fleri Bakanl\u0131\u011f\u0131 yay\u0131nlad\u0131\u011f\u0131 ve RT web haber sitesinin aktard\u0131\u011f\u0131 beyanda; Rusya ve ABD ba\u015fkanlar\u0131n\u0131n onaylad\u0131\u011f\u0131 anla\u015fma kapsam\u0131nda iki \u00fclke d\u0131\u015fi\u015fleri bakanlar\u0131n\u0131n Suriye&#8217;de &hellip;<\/p>\n","protected":false},"author":1,"featured_media":58803,"comment_status":"closed","ping_status":"closed","sticky":false,"template":"","format":"standard","meta":{"footnotes":""},"categories":[458,459,17988],"tags":[],"class_list":["post-62778","post","type-post","status-publish","format-standard","has-post-thumbnail","","category-dunya1","category-haberler-arap-uluslararasi-politika","category-son-haberler"],"_links":{"self":[{"href":"https:\/\/archive.sana.sy\/tr\/index.php?rest_route=\/wp\/v2\/posts\/62778","targetHints":{"allow":["GET"]}}],"collection":[{"href":"https:\/\/archive.sana.sy\/tr\/index.php?rest_route=\/wp\/v2\/posts"}],"about":[{"href":"https:\/\/archive.sana.sy\/tr\/index.php?rest_route=\/wp\/v2\/types\/post"}],"author":[{"embeddable":true,"href":"https:\/\/archive.sana.sy\/tr\/index.php?rest_route=\/wp\/v2\/users\/1"}],"replies":[{"embeddable":true,"href":"https:\/\/archive.sana.sy\/tr\/index.php?rest_route=%2Fwp%2Fv2%2Fcomments&post=62778"}],"version-history":[{"count":0,"href":"https:\/\/archive.sana.sy\/tr\/index.php?rest_route=\/wp\/v2\/posts\/62778\/revisions"}],"wp:featuredmedia":[{"embeddable":true,"href":"https:\/\/archive.sana.sy\/tr\/index.php?rest_route=\/wp\/v2\/media\/58803"}],"wp:attachment":[{"href":"https:\/\/archive.sana.sy\/tr\/index.php?rest_route=%2Fwp%2Fv2%2Fmedia&parent=62778"}],"wp:term":[{"taxonomy":"category","embeddable":true,"href":"https:\/\/archive.sana.sy\/tr\/index.php?rest_route=%2Fwp%2Fv2%2Fcategories&post=62778"},{"taxonomy":"post_tag","embeddable":true,"href":"https:\/\/archive.sana.sy\/tr\/index.php?rest_route=%2Fwp%2Fv2%2Ftags&post=62778"}],"curies":[{"name":"wp","href":"https:\/\/api.w.org\/{rel}","templated":true}]}}