{"id":6280,"date":"2014-07-31T14:33:11","date_gmt":"2014-07-31T11:33:11","guid":{"rendered":"http:\/\/www.sana.sy\/tr\/?p=6280"},"modified":"2014-08-01T00:34:54","modified_gmt":"2014-07-31T21:34:54","slug":"adalet-ve-kalkinma-partisi-iktidari-suriyeye-giden-teroristlere-kolaylik-sagliyor","status":"publish","type":"post","link":"https:\/\/archive.sana.sy\/tr\/?p=6280","title":{"rendered":"Adalet ve Kalk\u0131nma Partisi \u0130ktidar\u0131 Suriye\u2019ye Giden Ter\u00f6ristlere Kolayl\u0131k Sa\u011fl\u0131yor"},"content":{"rendered":"<p>KAH\u0130RE \u2013 M\u0131s\u0131rl\u0131 baz\u0131 ter\u00f6ristler itiraflar\u0131nda, M\u00fcsl\u00fcman Karde\u015fler Ter\u00f6r Cemaaati, T\u00fcrkiye\u2019de Recep Tayyip Erdo\u011fan ba\u015fkanl\u0131\u011f\u0131ndaki Adalet ve Kalk\u0131nma Partisi iktidar\u0131 ve L\u00fcbnan\u2019da kimi siyasi g\u00fc\u00e7lerin Suriye&#8217;de bulunan silahl\u0131 ter\u00f6r gruplar\u0131na kat\u0131lacak ter\u00f6ristlere e\u011fitim vererek Suriye topraklar\u0131na ge\u00e7i\u015flerinde kolayl\u0131k sa\u011flad\u0131klar\u0131n\u0131 ortaya koydular.<\/p>\n<p>M\u0131s\u0131r\u2019da yay\u0131nlanan \u201cYavm el Sabaa\u201d (Yedinci G\u00fcn) gazetesi Suriye&#8217;de bulunan silahl\u0131 ter\u00f6r gruplar\u0131 saflar\u0131nda silah ta\u015f\u0131d\u0131ktan sonra M\u0131s\u0131r\u2019a d\u00f6nen kimi ter\u00f6ristlerle yapt\u0131\u011f\u0131 r\u00f6portajlar\u0131 ve s\u00f6yle\u015fileri yay\u0131nlad\u0131.<\/p>\n<p>R\u00f6portajlara kat\u0131lan ter\u00f6ristlerin b\u00fcy\u00fck \u00e7o\u011funlu\u011fu M\u00fcsl\u00fcman Karde\u015fler Cemaati taraf\u0131ndan \u00f6rg\u00fctlendiklerini, silah e\u011fitimi verildi\u011fini ve Suriye\u2019ye gidi\u015flerinin kolayla\u015ft\u0131r\u0131ld\u0131\u011f\u0131n\u0131 ifade ettiler.<\/p>\n<p>Silah e\u011fitimlerinin L\u00fcbnanl\u0131 e\u011fitmenler denetiminde ald\u0131klar\u0131na i\u015faret eden ter\u00f6ristler; e\u011fitimin ard\u0131ndan T\u00fcrkiye\u2019ye gittiklerine ve T\u00fcrkiye s\u0131n\u0131r\u0131ndan Suriye topraklar\u0131na kolayl\u0131kla girdiklerini beyan ettiler.<\/p>\n<p>Suriye&#8217;de ter\u00f6r saflar\u0131nda sava\u015ft\u0131ktan sonra M\u0131s\u0131r\u2019a d\u00f6nen ter\u00f6ristlerden biri olan Ebu \u00d6mer; binlerce M\u0131s\u0131rl\u0131 gibi kendisinin de s\u00fcrekli tekrar eden \u201c\u0130slam Devleti Kurma\u201d \u00e7a\u011fr\u0131lar\u0131ndan etkilenerek Suriye\u2019ye gitme karar\u0131 ald\u0131\u011f\u0131n\u0131 dile getirdi.<\/p>\n<p>Suriye\u2019ye gitmek i\u00e7in \u00f6nce L\u00fcbnan\u2019da k\u0131sa bir e\u011fitim ald\u0131\u011f\u0131n\u0131 ard\u0131ndan da T\u00fcrkiye\u2019ye ge\u00e7erek buradan Suriye\u2019ye ula\u015ft\u0131\u011f\u0131n\u0131 anlatan Ebu \u00d6mer; M\u0131s\u0131r\u2019da M\u00fcsl\u00fcman Karde\u015fler Cemaatinin vatanda\u015flar\u0131n Suriye\u2019ye gidi\u015fini kolayla\u015ft\u0131rd\u0131\u011f\u0131n\u0131 belirtti.<\/p>\n<p>M\u0131s\u0131r\u2019da M\u00fcsl\u00fcman Karde\u015fler Cemaatinin iktidardan d\u00fc\u015f\u00fcr\u00fclmesinden sonra yeni iktidar\u0131n T\u00fcrkiye\u2019ye giden ya da daha \u00f6nce gitmi\u015f olup d\u00f6nen b\u00fct\u00fcn vatanda\u015flarla ilgili s\u0131k\u0131 g\u00fcvenlik \u00f6nlemleri ald\u0131\u011f\u0131na i\u015faret eden Gazete; \u201cIrak ve \u015eam\u2019da \u0130slam Devleti\u201d isimli ter\u00f6r olu\u015fumu ile M\u0131s\u0131r\u2019da bulunan ter\u00f6ristler aras\u0131nda bir ba\u011f oldu\u011funun alt\u0131n\u0131 \u00e7izdi.<\/p>\n","protected":false},"excerpt":{"rendered":"<p>KAH\u0130RE \u2013 M\u0131s\u0131rl\u0131 baz\u0131 ter\u00f6ristler itiraflar\u0131nda, M\u00fcsl\u00fcman Karde\u015fler Ter\u00f6r Cemaaati, T\u00fcrkiye\u2019de Recep Tayyip Erdo\u011fan ba\u015fkanl\u0131\u011f\u0131ndaki Adalet ve Kalk\u0131nma Partisi iktidar\u0131 ve L\u00fcbnan\u2019da kimi siyasi g\u00fc\u00e7lerin Suriye&#8217;de bulunan silahl\u0131 ter\u00f6r gruplar\u0131na kat\u0131lacak ter\u00f6ristlere e\u011fitim vererek Suriye topraklar\u0131na ge\u00e7i\u015flerinde kolayl\u0131k sa\u011flad\u0131klar\u0131n\u0131 ortaya koydular. M\u0131s\u0131r\u2019da yay\u0131nlanan \u201cYavm el Sabaa\u201d (Yedinci G\u00fcn) gazetesi Suriye&#8217;de bulunan silahl\u0131 ter\u00f6r gruplar\u0131 saflar\u0131nda &hellip;<\/p>\n","protected":false},"author":1,"featured_media":6281,"comment_status":"closed","ping_status":"closed","sticky":false,"template":"","format":"standard","meta":{"footnotes":""},"categories":[558,556,458,459,447],"tags":[1389],"class_list":["post-6280","post","type-post","status-publish","format-standard","has-post-thumbnail","","category-arap-basini","category-basin","category-dunya1","category-haberler-arap-uluslararasi-politika","category-politika","tag-adalet-ve-kalkinma-partisi-iktidari-suriyeye-giden-teroristlere-kolaylik-sagliyor"],"_links":{"self":[{"href":"https:\/\/archive.sana.sy\/tr\/index.php?rest_route=\/wp\/v2\/posts\/6280","targetHints":{"allow":["GET"]}}],"collection":[{"href":"https:\/\/archive.sana.sy\/tr\/index.php?rest_route=\/wp\/v2\/posts"}],"about":[{"href":"https:\/\/archive.sana.sy\/tr\/index.php?rest_route=\/wp\/v2\/types\/post"}],"author":[{"embeddable":true,"href":"https:\/\/archive.sana.sy\/tr\/index.php?rest_route=\/wp\/v2\/users\/1"}],"replies":[{"embeddable":true,"href":"https:\/\/archive.sana.sy\/tr\/index.php?rest_route=%2Fwp%2Fv2%2Fcomments&post=6280"}],"version-history":[{"count":0,"href":"https:\/\/archive.sana.sy\/tr\/index.php?rest_route=\/wp\/v2\/posts\/6280\/revisions"}],"wp:featuredmedia":[{"embeddable":true,"href":"https:\/\/archive.sana.sy\/tr\/index.php?rest_route=\/wp\/v2\/media\/6281"}],"wp:attachment":[{"href":"https:\/\/archive.sana.sy\/tr\/index.php?rest_route=%2Fwp%2Fv2%2Fmedia&parent=6280"}],"wp:term":[{"taxonomy":"category","embeddable":true,"href":"https:\/\/archive.sana.sy\/tr\/index.php?rest_route=%2Fwp%2Fv2%2Fcategories&post=6280"},{"taxonomy":"post_tag","embeddable":true,"href":"https:\/\/archive.sana.sy\/tr\/index.php?rest_route=%2Fwp%2Fv2%2Ftags&post=6280"}],"curies":[{"name":"wp","href":"https:\/\/api.w.org\/{rel}","templated":true}]}}