{"id":6283,"date":"2014-07-31T13:39:32","date_gmt":"2014-07-31T10:39:32","guid":{"rendered":"http:\/\/www.sana.sy\/tr\/?p=6283"},"modified":"2014-08-01T00:41:22","modified_gmt":"2014-07-31T21:41:22","slug":"parklari-ve-sokaklari-dolduran-cocuklarin-nesesi-butun-acilari-unutturdu","status":"publish","type":"post","link":"https:\/\/archive.sana.sy\/tr\/?p=6283","title":{"rendered":"Parklar\u0131 ve Sokaklar\u0131 Dolduran \u00c7ocuklar\u0131n Ne\u015fesi B\u00fct\u00fcn Ac\u0131lar\u0131 Unutturdu"},"content":{"rendered":"<p>\u0130DL\u0130B \u2013 \u0130dlib kenti sakinleri M\u00fcbarek Ramazan Bayram\u0131n\u0131 kar\u015f\u0131lad\u0131klar\u0131 ne\u015fe ve co\u015fkuyla u\u011furlad\u0131lar.<\/p>\n<p>\u00dclkede ya\u015fanmakta olan krizin getirdi\u011fi ac\u0131 ve s\u0131k\u0131nt\u0131lar\u0131 bir s\u00fcreli\u011fine de olsa unutan \u0130dlib kenti sokaklar\u0131 bayram s\u00fcresince \u00e7ocuklar\u0131n ne\u015feli kahkahalar\u0131yla \u00e7\u0131nlad\u0131.<\/p>\n<p>\u00dcm \u0130brahim, bayram ziyaretleri ve bayramla\u015fma merasimlerinin her y\u0131l oldu\u011fu gibi s\u0131cak ve ne\u015feli ge\u00e7ti\u011fini ifade ederek parklar\u0131 ve sokaklar\u0131 dolduran \u00e7ocuklar\u0131n bayram ne\u015felerinin b\u00fct\u00fcn ac\u0131lar\u0131 unutturacak kadar g\u00fc\u00e7l\u00fc ve g\u00fczel oldu\u011funu belirtti.<\/p>\n","protected":false},"excerpt":{"rendered":"<p>\u0130DL\u0130B \u2013 \u0130dlib kenti sakinleri M\u00fcbarek Ramazan Bayram\u0131n\u0131 kar\u015f\u0131lad\u0131klar\u0131 ne\u015fe ve co\u015fkuyla u\u011furlad\u0131lar. \u00dclkede ya\u015fanmakta olan krizin getirdi\u011fi ac\u0131 ve s\u0131k\u0131nt\u0131lar\u0131 bir s\u00fcreli\u011fine de olsa unutan \u0130dlib kenti sokaklar\u0131 bayram s\u00fcresince \u00e7ocuklar\u0131n ne\u015feli kahkahalar\u0131yla \u00e7\u0131nlad\u0131. \u00dcm \u0130brahim, bayram ziyaretleri ve bayramla\u015fma merasimlerinin her y\u0131l oldu\u011fu gibi s\u0131cak ve ne\u015feli ge\u00e7ti\u011fini ifade ederek parklar\u0131 ve sokaklar\u0131 &hellip;<\/p>\n","protected":false},"author":1,"featured_media":6284,"comment_status":"closed","ping_status":"closed","sticky":false,"template":"","format":"standard","meta":{"footnotes":""},"categories":[479,525,478],"tags":[1390],"class_list":["post-6283","post","type-post","status-publish","format-standard","has-post-thumbnail","","category-haberler-yerel","category-toplum","category-yerel","tag-parklari-ve-sokaklari-dolduran-cocuklarin-nesesi-butun-acilari-unutturdu"],"_links":{"self":[{"href":"https:\/\/archive.sana.sy\/tr\/index.php?rest_route=\/wp\/v2\/posts\/6283","targetHints":{"allow":["GET"]}}],"collection":[{"href":"https:\/\/archive.sana.sy\/tr\/index.php?rest_route=\/wp\/v2\/posts"}],"about":[{"href":"https:\/\/archive.sana.sy\/tr\/index.php?rest_route=\/wp\/v2\/types\/post"}],"author":[{"embeddable":true,"href":"https:\/\/archive.sana.sy\/tr\/index.php?rest_route=\/wp\/v2\/users\/1"}],"replies":[{"embeddable":true,"href":"https:\/\/archive.sana.sy\/tr\/index.php?rest_route=%2Fwp%2Fv2%2Fcomments&post=6283"}],"version-history":[{"count":0,"href":"https:\/\/archive.sana.sy\/tr\/index.php?rest_route=\/wp\/v2\/posts\/6283\/revisions"}],"wp:featuredmedia":[{"embeddable":true,"href":"https:\/\/archive.sana.sy\/tr\/index.php?rest_route=\/wp\/v2\/media\/6284"}],"wp:attachment":[{"href":"https:\/\/archive.sana.sy\/tr\/index.php?rest_route=%2Fwp%2Fv2%2Fmedia&parent=6283"}],"wp:term":[{"taxonomy":"category","embeddable":true,"href":"https:\/\/archive.sana.sy\/tr\/index.php?rest_route=%2Fwp%2Fv2%2Fcategories&post=6283"},{"taxonomy":"post_tag","embeddable":true,"href":"https:\/\/archive.sana.sy\/tr\/index.php?rest_route=%2Fwp%2Fv2%2Ftags&post=6283"}],"curies":[{"name":"wp","href":"https:\/\/api.w.org\/{rel}","templated":true}]}}