{"id":6286,"date":"2014-07-31T12:41:40","date_gmt":"2014-07-31T09:41:40","guid":{"rendered":"http:\/\/www.sana.sy\/tr\/?p=6286"},"modified":"2014-08-01T00:48:50","modified_gmt":"2014-07-31T21:48:50","slug":"teror-irakta-da-kayip-vermeye-devam-ediyor","status":"publish","type":"post","link":"https:\/\/archive.sana.sy\/tr\/?p=6286","title":{"rendered":"Ter\u00f6r Irak\u2019ta da Kay\u0131p Vermeye Devam Ediyor"},"content":{"rendered":"<p>BA\u011eDAT \u2013 Irak Askeri \u0130stihbarat Kurumu Irak\u2019\u0131n farkl\u0131 b\u00f6lgelerinde d\u00fczenlenen bir dizi operasyon sonucunda 127 ter\u00f6ristin \u00f6ld\u00fcr\u00fcld\u00fc\u011f\u00fcn\u00fc ve havzalar\u0131nda bulunan silah ve m\u00fchimmat\u0131n imha edildi\u011fini dile getirdi.<\/p>\n<p>Ba\u011fdat\u2019ta \u201cIrak ve \u015eam\u2019da \u0130slam Devleti\u201d isimli ter\u00f6r olu\u015fumuna ba\u011fl\u0131 20 ter\u00f6ristin \u00f6ld\u00fcr\u00fcld\u00fc\u011f\u00fcne i\u015faret eden kaynak; ayr\u0131ca Tikrit\u2019in do\u011fusunda el \u015earkat b\u00f6lgesinde ter\u00f6ristlere ait bir\u00e7ok arac\u0131n imha edildi\u011fini belirtti.<\/p>\n<p>Irak Ordusunun, Askeri \u0130stihbarat ile i\u015fbirli\u011fi i\u00e7erisinde Ba\u011fdat\u2019\u0131n kuzeyinde faaliyet g\u00f6steren silahl\u0131 ter\u00f6r gruplar\u0131na a\u011f\u0131r darbeler indirdiklerine de\u011finen kaynak; Samarra\u2019da hava kuvvetlerinin de destek verdi\u011fi bir operasyonda \u201cI\u015e\u0130D\u201de ba\u011fl\u0131 11 ter\u00f6ristin \u00f6ld\u00fcr\u00fcld\u00fc\u011f\u00fcn\u00fc beyan etti.<\/p>\n","protected":false},"excerpt":{"rendered":"<p>BA\u011eDAT \u2013 Irak Askeri \u0130stihbarat Kurumu Irak\u2019\u0131n farkl\u0131 b\u00f6lgelerinde d\u00fczenlenen bir dizi operasyon sonucunda 127 ter\u00f6ristin \u00f6ld\u00fcr\u00fcld\u00fc\u011f\u00fcn\u00fc ve havzalar\u0131nda bulunan silah ve m\u00fchimmat\u0131n imha edildi\u011fini dile getirdi. Ba\u011fdat\u2019ta \u201cIrak ve \u015eam\u2019da \u0130slam Devleti\u201d isimli ter\u00f6r olu\u015fumuna ba\u011fl\u0131 20 ter\u00f6ristin \u00f6ld\u00fcr\u00fcld\u00fc\u011f\u00fcne i\u015faret eden kaynak; ayr\u0131ca Tikrit\u2019in do\u011fusunda el \u015earkat b\u00f6lgesinde ter\u00f6ristlere ait bir\u00e7ok arac\u0131n imha edildi\u011fini &hellip;<\/p>\n","protected":false},"author":1,"featured_media":6288,"comment_status":"closed","ping_status":"closed","sticky":false,"template":"","format":"standard","meta":{"footnotes":""},"categories":[458,459,447],"tags":[1391],"class_list":["post-6286","post","type-post","status-publish","format-standard","has-post-thumbnail","","category-dunya1","category-haberler-arap-uluslararasi-politika","category-politika","tag-teror-irakta-da-kayip-vermeye-devam-ediyor"],"_links":{"self":[{"href":"https:\/\/archive.sana.sy\/tr\/index.php?rest_route=\/wp\/v2\/posts\/6286","targetHints":{"allow":["GET"]}}],"collection":[{"href":"https:\/\/archive.sana.sy\/tr\/index.php?rest_route=\/wp\/v2\/posts"}],"about":[{"href":"https:\/\/archive.sana.sy\/tr\/index.php?rest_route=\/wp\/v2\/types\/post"}],"author":[{"embeddable":true,"href":"https:\/\/archive.sana.sy\/tr\/index.php?rest_route=\/wp\/v2\/users\/1"}],"replies":[{"embeddable":true,"href":"https:\/\/archive.sana.sy\/tr\/index.php?rest_route=%2Fwp%2Fv2%2Fcomments&post=6286"}],"version-history":[{"count":0,"href":"https:\/\/archive.sana.sy\/tr\/index.php?rest_route=\/wp\/v2\/posts\/6286\/revisions"}],"wp:featuredmedia":[{"embeddable":true,"href":"https:\/\/archive.sana.sy\/tr\/index.php?rest_route=\/wp\/v2\/media\/6288"}],"wp:attachment":[{"href":"https:\/\/archive.sana.sy\/tr\/index.php?rest_route=%2Fwp%2Fv2%2Fmedia&parent=6286"}],"wp:term":[{"taxonomy":"category","embeddable":true,"href":"https:\/\/archive.sana.sy\/tr\/index.php?rest_route=%2Fwp%2Fv2%2Fcategories&post=6286"},{"taxonomy":"post_tag","embeddable":true,"href":"https:\/\/archive.sana.sy\/tr\/index.php?rest_route=%2Fwp%2Fv2%2Ftags&post=6286"}],"curies":[{"name":"wp","href":"https:\/\/api.w.org\/{rel}","templated":true}]}}