{"id":62871,"date":"2016-02-25T19:25:27","date_gmt":"2016-02-25T17:25:27","guid":{"rendered":"http:\/\/www.sana.sy\/tr\/?p=62871"},"modified":"2016-02-26T17:52:22","modified_gmt":"2016-02-26T15:52:22","slug":"tekfirci-ve-kiralik-teroristler-karargahlari-ve-araclariyla-etkisizlestiriliyor","status":"publish","type":"post","link":"https:\/\/archive.sana.sy\/tr\/?p=62871","title":{"rendered":"Tekfirci ve Kiral\u0131k Ter\u00f6ristler Karargahlar\u0131 ve Ara\u00e7lar\u0131yla Etkisizle\u015ftiriliyor (video)"},"content":{"rendered":"<p>\u0130LLER \u2013 Vatan koruyucular\u0131 ordu birliklerimiz belli ba\u015fl\u0131 rejimlerin her t\u00fcrl\u00fc deste\u011fi temin edip y\u00f6nlendirdikleri tekfirci ve kiral\u0131k ter\u00f6ristlere y\u00f6nelik operasyonlar\u0131n\u0131 bug\u00fcn de ba\u015far\u0131yla s\u00fcrd\u00fcr\u00fcrlerken muhtelif b\u00f6lgelerde karargah ve ara\u00e7lar\u0131n\u0131 muhtevalar\u0131yla imha etti.<\/p>\n<p><span style=\"color: #0000ff\">\u0130DL\u0130B:<\/span><\/p>\n<p>\u0130dlib\u2019te Erdo\u011fan ve Al Suud rejimlerine tabi tekfirci ve kiral\u0131k ter\u00f6ristlere y\u00f6nelik devam eden operasyonlarda tekfirci ve kiral\u0131klar\u0131n say\u0131 ve ekipmanlar\u0131yla b\u00fcy\u00fck kay\u0131plar vermeye devam ettiklerini belirten askeri kaynak SANA\u2019ya a\u00e7\u0131klamas\u0131nda; hava g\u00fc\u00e7lerimizin bug\u00fcn il k\u0131rsal\u0131n\u0131n bat\u0131s\u0131 Roj Vadisine d\u00fc\u015fen Arabsait K\u00f6y\u00fcnde Nusra Cephesi ve Erdo\u011fan rejimine tabi di\u011fer ter\u00f6r \u00e7etelerinin karargah ve ara\u00e7lar\u0131na odakland\u0131\u011f\u0131n\u0131 belirtti. Kaynak operasyonlarda karargahlar\u0131n yan\u0131 s\u0131ra a\u011f\u0131r silahlarla donat\u0131lm\u0131\u015f bir\u00e7ok ara\u00e7la birlikte aralar\u0131nda tehlikeli isimlerin bulundu\u011fu \u00e7ok say\u0131da ter\u00f6ristin \u00f6ld\u00fcr\u00fcld\u00fc\u011f\u00fcn\u00fc aktard\u0131.<\/p>\n<p>Kaynak il k\u0131rsal\u0131n\u0131n g\u00fcneyi Ariha b\u00f6lgesinde de b\u00fcnyesinde y\u00fczlerce yabanc\u0131 ter\u00f6risti bar\u0131nd\u0131ran \u2018Fetih Ordusu\u2019nun toplanma yerleri ve ara\u00e7lar\u0131n\u0131n imha edildi\u011fini ifade ederken, buna e\u015f zamanl\u0131 olarak \u0130dlib Kentinin yakla\u015f\u0131k 33 km g\u00fcneydo\u011fusuna d\u00fc\u015fen Serakib B\u00f6lgesinde de bu \u00e7etelerin say\u0131 ve cephaneleriyle a\u011f\u0131r kay\u0131plara u\u011frat\u0131ld\u0131klar\u0131n\u0131 belirtti.<\/p>\n<p><span style=\"color: #0000ff\">HAMA:<\/span><\/p>\n<p>Hava g\u00fc\u00e7lerimizin Hama Kentinden yakla\u015f\u0131k 110 km uzakl\u0131kta d\u00fc\u015fen el Azib Vadisinde I\u015e\u0130D\u2019in siper noktalar\u0131, ara\u00e7 ve karargahlar\u0131n\u0131 imha ettiklerini s\u00f6yleyen kaynak; burada da tekfircilerin say\u0131, ara\u00e7 ve cephaneleriyle ciddi kay\u0131plara u\u011frat\u0131ld\u0131klar\u0131n\u0131 ifade etti.<\/p>\n<p><span style=\"color: #0000ff\">HOMS:<\/span><\/p>\n<p>Askeri kaynak SANA\u2019ya a\u00e7\u0131klamas\u0131nda hava g\u00fc\u00e7lerimizin Homs k\u0131rsal\u0131n\u0131n Tedmur, Biir el Afai, Mhasse ve Telbise b\u00f6lgelerinde tekfirci ter\u00f6ristlere ait 4 komuta karargah\u0131n\u0131n yan\u0131 s\u0131ra bir k\u0131sm\u0131 a\u011f\u0131r silahlarla donat\u0131lm\u0131\u015f bir\u00e7ok ara\u00e7 ve cephanelikleri muhtevalar\u0131yla imha ettiklerini aktard\u0131.<\/p>\n<p>Kaynak operasyonlarda \u00f6ld\u00fcr\u00fclen ter\u00f6ristlerin aras\u0131nda yabanc\u0131 ve tehlikeli isimlerin bulundu\u011funa i\u015faret etti.<\/p>\n<p><span style=\"color: #0000ff\">HALEP:<\/span><\/p>\n<p>Askeri kaynak SANA\u2019ya a\u00e7\u0131klamas\u0131nda ordu birliklerimizin Halep k\u0131rsal\u0131n\u0131n g\u00fcneydo\u011fu k\u0131rsal\u0131 Hanas\u0131r Beldesinde tekfirci ter\u00f6ristleri b\u00fcy\u00fck kay\u0131plara u\u011fratmalar\u0131 ard\u0131ndan belde ve halk\u0131n\u0131n g\u00fcvenli\u011fini kontrollerine ge\u00e7irdiklerini belirtti.<\/p>\n<p>https:\/\/www.youtube.com\/watch?v=YgoQb7be9xA<\/p>\n<p><span style=\"color: #0000ff\">DEYREZZOR:<\/span><\/p>\n<p>Saha kaynaklar\u0131; ordu birliklerimizin Deyrezzor Askeri Havaliman\u0131n civar\u0131 ve Beyt D\u011feym K\u00f6y\u00fcnde I\u015e\u0130D \u00e7eteleriyle \u015fiddetli \u00e7at\u0131\u015fmalara girmelerine a\u015f zamanl\u0131 olarak Deyrezzor Kentinde Ziraat Fak\u00fcltesi yak\u0131nlar\u0131nda ter\u00f6ristlere ait a\u011f\u0131r makineli silahla donat\u0131lm\u0131\u015f bir arac\u0131 tamamen imha ettiklerini ifade etti.<\/p>\n<p>Deyrezzor Kentinde ise I\u015e\u0130D\u2019in siper ve mevkilerine kar\u015f\u0131 nitelikli operasyonlar\u0131n\u0131 s\u00fcrd\u00fcrd\u00fcklerini aktaran kaynaklar; Urfi ve Cbeyliye semtlerinde ter\u00f6ristleri say\u0131 ve te\u00e7hizatlar\u0131yla a\u011f\u0131r kay\u0131plara u\u011fratmalar\u0131na ek olarak Deyrezzor istikametinde seyir eden bir ara\u00e7 konvoyunu imha ettiklerini s\u00f6yledi.<\/p>\n<p>Kaynaklar Deyrezzor k\u0131rsal\u0131n\u0131n do\u011fusu Murayiye K\u00f6y\u00fcnde de I\u015e\u0130D ter\u00f6r \u00f6rg\u00fct\u00fcn\u00fcn hareket eksenlerini yo\u011fun ate\u015fe tutan ordu birliklerimizin; tekfircilere ait bir tank\u0131 tamamen yok ettiklerine dikkat \u00e7ekti.<\/p>\n<p>Kaynaklar; ordu birliklerimizin Deyrezzor k\u0131rsal\u0131n\u0131n bat\u0131s\u0131 Ayya\u015f Beldesindeki Mahrukat Tepesinde I\u015e\u0130D\u2019in g\u00fcvenli alanlara gaddar sald\u0131r\u0131larda kulland\u0131\u011f\u0131 bir f\u00fcze bataryas\u0131n\u0131 yok ettiklerini s\u00f6zlerine ekledi.<\/p>\n<p>Bu arada saha kaynaklar\u0131 \u2018\u015eeddadi Valisi\u2019 olarak adland\u0131r\u0131lan \u2018Ebu Usama el Iraki\u2019 kod ad\u0131yla bilenin ter\u00f6r eleba\u015f\u0131n\u0131n yan\u0131 s\u0131ra \u2018Do\u011fu B\u00f6lgesi Cephane Sorumlusu\u2019 \u2018Ebu Sayyaf el Liybi\u2019 lakapl\u0131 ter\u00f6r eleba\u015f\u0131 gibi tehlikeli isimlerin aralar\u0131nda bulundu\u011fu bir\u00e7ok ter\u00f6ristin \u00f6ld\u00fcr\u00fcld\u00fc\u011f\u00fcn\u00fc beyan etti.<\/p>\n<p><span style=\"color: #0000ff\">DERA:<\/span><\/p>\n<p>Di\u011fer yandan Dera\u2019da \u0130srail destekli tekfirci ve kiral\u0131k ter\u00f6ristlere y\u00f6nelik operasyonlar\u0131n ba\u015far\u0131yla devam etti\u011fini belirten askeri kaynak SANA\u2019ya a\u00e7\u0131klamas\u0131nda ordu birliklerimizin il k\u0131rsal\u0131n\u0131n do\u011fusu Um Veled K\u00f6y\u00fcnde Nusra Cephesine ait a\u011f\u0131r silahlarla donat\u0131lm\u0131\u015f iki arac\u0131 ta\u015f\u0131d\u0131klar\u0131 ter\u00f6rist ve cephaneyle birlikte imha ettiklerini s\u00f6yledi.<\/p>\n<p>Kaynak; ordu birliklerimizin Dera k\u0131rsal\u0131n\u0131n kuzeybat\u0131s\u0131 Yaduda Beldesinin g\u00fcney ve kuzeydo\u011fusunda ter\u00f6ristlerin hareket eksenlerinin yan\u0131 s\u0131ra destek hatlar\u0131na y\u00f6nelik askeri operasyonlar\u0131nda \u00e7ok say\u0131da ter\u00f6risti \u00f6l\u00fc ve yaral\u0131 d\u00fc\u015f\u00fcr\u00fcp havzalar\u0131nda bulunan silah ve m\u00fchimmatlar\u0131n\u0131 da imha ettiklerini aktard\u0131.<\/p>\n<p>Bu arada ordu birliklerimizin Dera Beled\u2019in muhtelif b\u00f6lgelerinde Nusra Cephesi ve \u00e7at\u0131s\u0131 alt\u0131nda ki ter\u00f6r \u00f6rg\u00fctlerin toplanma yerleri ve mevkilerini hedef ald\u0131klar\u0131n\u0131 belirten kaynak; radikal ter\u00f6r \u00f6rg\u00fctlerin saflar\u0131nda a\u011f\u0131r kay\u0131plara yol a\u00e7t\u0131klar\u0131n\u0131 beyan etti.<\/p>\n<p><span style=\"color: #0000ff\">LAZK\u0130YE:<\/span><\/p>\n<p>Ak\u015fam saatlerinde a\u00e7\u0131klama yapan askeri kaynak; ordu birliklerimizin Halk Savunma G\u00fc\u00e7leriyle i\u015fbirli\u011fi i\u00e7inde Lazkiye k\u0131rsal\u0131n\u0131n kuzeyi Ayn el Bayda ve \u015eiyr Dabea k\u00f6ylerinin yan\u0131 s\u0131ra R\u00fcvayset Ru\u015f\u015fu B\u00f6lgesinde katil Erdo\u011fan rejimine ba\u011fl\u0131 ter\u00f6ristleri a\u011f\u0131r kay\u0131plara u\u011fratmalar\u0131 ard\u0131ndan bu b\u00f6lgeleri kontrollerine ge\u00e7irdiklerini belirtti.<\/p>\n<p>M.M. &#8211; R.H.<\/p>\n","protected":false},"excerpt":{"rendered":"<p>\u0130LLER \u2013 Vatan koruyucular\u0131 ordu birliklerimiz belli ba\u015fl\u0131 rejimlerin her t\u00fcrl\u00fc deste\u011fi temin edip y\u00f6nlendirdikleri tekfirci ve kiral\u0131k ter\u00f6ristlere y\u00f6nelik operasyonlar\u0131n\u0131 bug\u00fcn de ba\u015far\u0131yla s\u00fcrd\u00fcr\u00fcrlerken muhtelif b\u00f6lgelerde karargah ve ara\u00e7lar\u0131n\u0131 muhtevalar\u0131yla imha etti. \u0130DL\u0130B: \u0130dlib\u2019te Erdo\u011fan ve Al Suud rejimlerine tabi tekfirci ve kiral\u0131k ter\u00f6ristlere y\u00f6nelik devam eden operasyonlarda tekfirci ve kiral\u0131klar\u0131n say\u0131 ve ekipmanlar\u0131yla &hellip;<\/p>\n","protected":false},"author":1,"featured_media":62872,"comment_status":"closed","ping_status":"closed","sticky":false,"template":"","format":"standard","meta":{"footnotes":""},"categories":[575],"tags":[],"class_list":["post-62871","post","type-post","status-publish","format-standard","has-post-thumbnail","","category-olaylar-ve-gercekler"],"_links":{"self":[{"href":"https:\/\/archive.sana.sy\/tr\/index.php?rest_route=\/wp\/v2\/posts\/62871","targetHints":{"allow":["GET"]}}],"collection":[{"href":"https:\/\/archive.sana.sy\/tr\/index.php?rest_route=\/wp\/v2\/posts"}],"about":[{"href":"https:\/\/archive.sana.sy\/tr\/index.php?rest_route=\/wp\/v2\/types\/post"}],"author":[{"embeddable":true,"href":"https:\/\/archive.sana.sy\/tr\/index.php?rest_route=\/wp\/v2\/users\/1"}],"replies":[{"embeddable":true,"href":"https:\/\/archive.sana.sy\/tr\/index.php?rest_route=%2Fwp%2Fv2%2Fcomments&post=62871"}],"version-history":[{"count":0,"href":"https:\/\/archive.sana.sy\/tr\/index.php?rest_route=\/wp\/v2\/posts\/62871\/revisions"}],"wp:featuredmedia":[{"embeddable":true,"href":"https:\/\/archive.sana.sy\/tr\/index.php?rest_route=\/wp\/v2\/media\/62872"}],"wp:attachment":[{"href":"https:\/\/archive.sana.sy\/tr\/index.php?rest_route=%2Fwp%2Fv2%2Fmedia&parent=62871"}],"wp:term":[{"taxonomy":"category","embeddable":true,"href":"https:\/\/archive.sana.sy\/tr\/index.php?rest_route=%2Fwp%2Fv2%2Fcategories&post=62871"},{"taxonomy":"post_tag","embeddable":true,"href":"https:\/\/archive.sana.sy\/tr\/index.php?rest_route=%2Fwp%2Fv2%2Ftags&post=62871"}],"curies":[{"name":"wp","href":"https:\/\/api.w.org\/{rel}","templated":true}]}}