{"id":62898,"date":"2016-02-26T17:25:11","date_gmt":"2016-02-26T15:25:11","guid":{"rendered":"http:\/\/www.sana.sy\/tr\/?p=62898"},"modified":"2016-02-27T15:37:57","modified_gmt":"2016-02-27T13:37:57","slug":"gorusmeler-7-martta-yeniden-baslayabilir","status":"publish","type":"post","link":"https:\/\/archive.sana.sy\/tr\/?p=62898","title":{"rendered":"G\u00f6r\u00fc\u015fmeler 7 Martta Yeniden Ba\u015flayabilir"},"content":{"rendered":"<p>MOSKOVA \u2013 Rusya D\u0131\u015fi\u015fleri Bakanl\u0131\u011f\u0131nda yetkili bir kaynak Suriyeliler aras\u0131nda Cenevre&#8217;de yap\u0131lacak diyalog g\u00f6r\u00fc\u015fmelerinin 7 Mart tarihinde yeniden ba\u015flama ihtimalini y\u00fcksek tuttu.<\/p>\n<p>Kaynak Rus Tass Ajans\u0131n\u0131n aktard\u0131\u011f\u0131 a\u00e7\u0131klamalar\u0131nda s\u00f6z konusu g\u00f6r\u00fc\u015fmelerin 7 Mart tarihinde yeniden ba\u015flamas\u0131 konusunda planlar yap\u0131ld\u0131\u011f\u0131n\u0131 ifade etti.<\/p>\n","protected":false},"excerpt":{"rendered":"<p>MOSKOVA \u2013 Rusya D\u0131\u015fi\u015fleri Bakanl\u0131\u011f\u0131nda yetkili bir kaynak Suriyeliler aras\u0131nda Cenevre&#8217;de yap\u0131lacak diyalog g\u00f6r\u00fc\u015fmelerinin 7 Mart tarihinde yeniden ba\u015flama ihtimalini y\u00fcksek tuttu. Kaynak Rus Tass Ajans\u0131n\u0131n aktard\u0131\u011f\u0131 a\u00e7\u0131klamalar\u0131nda s\u00f6z konusu g\u00f6r\u00fc\u015fmelerin 7 Mart tarihinde yeniden ba\u015flamas\u0131 konusunda planlar yap\u0131ld\u0131\u011f\u0131n\u0131 ifade etti.<\/p>\n","protected":false},"author":1,"featured_media":58670,"comment_status":"closed","ping_status":"closed","sticky":false,"template":"","format":"standard","meta":{"footnotes":""},"categories":[458,459,17988],"tags":[],"class_list":["post-62898","post","type-post","status-publish","format-standard","has-post-thumbnail","","category-dunya1","category-haberler-arap-uluslararasi-politika","category-son-haberler"],"_links":{"self":[{"href":"https:\/\/archive.sana.sy\/tr\/index.php?rest_route=\/wp\/v2\/posts\/62898","targetHints":{"allow":["GET"]}}],"collection":[{"href":"https:\/\/archive.sana.sy\/tr\/index.php?rest_route=\/wp\/v2\/posts"}],"about":[{"href":"https:\/\/archive.sana.sy\/tr\/index.php?rest_route=\/wp\/v2\/types\/post"}],"author":[{"embeddable":true,"href":"https:\/\/archive.sana.sy\/tr\/index.php?rest_route=\/wp\/v2\/users\/1"}],"replies":[{"embeddable":true,"href":"https:\/\/archive.sana.sy\/tr\/index.php?rest_route=%2Fwp%2Fv2%2Fcomments&post=62898"}],"version-history":[{"count":0,"href":"https:\/\/archive.sana.sy\/tr\/index.php?rest_route=\/wp\/v2\/posts\/62898\/revisions"}],"wp:featuredmedia":[{"embeddable":true,"href":"https:\/\/archive.sana.sy\/tr\/index.php?rest_route=\/wp\/v2\/media\/58670"}],"wp:attachment":[{"href":"https:\/\/archive.sana.sy\/tr\/index.php?rest_route=%2Fwp%2Fv2%2Fmedia&parent=62898"}],"wp:term":[{"taxonomy":"category","embeddable":true,"href":"https:\/\/archive.sana.sy\/tr\/index.php?rest_route=%2Fwp%2Fv2%2Fcategories&post=62898"},{"taxonomy":"post_tag","embeddable":true,"href":"https:\/\/archive.sana.sy\/tr\/index.php?rest_route=%2Fwp%2Fv2%2Ftags&post=62898"}],"curies":[{"name":"wp","href":"https:\/\/api.w.org\/{rel}","templated":true}]}}