{"id":6290,"date":"2014-08-01T14:55:49","date_gmt":"2014-08-01T11:55:49","guid":{"rendered":"http:\/\/www.sana.sy\/tr\/?p=6290"},"modified":"2014-08-02T10:05:22","modified_gmt":"2014-08-02T07:05:22","slug":"uluslararasi-sessizligin-golgesinde-filistin-can-vermeye-devam-ediyor","status":"publish","type":"post","link":"https:\/\/archive.sana.sy\/tr\/?p=6290","title":{"rendered":"Uluslararas\u0131 Sessizli\u011fin G\u00f6lgesinde Filistin Can Vermeye Devam Ediyor"},"content":{"rendered":"<p>GAZZE \u2013 \u0130srail i\u015fgal g\u00fc\u00e7leri uluslararas\u0131 toplumun \u00f6l\u00fcm sessizli\u011fi g\u00f6lgesinde Gazze\u2019de Filistin halk\u0131na y\u00f6nelik vah\u015fi sald\u0131r\u0131lar\u0131n\u0131 s\u00fcrd\u00fcr\u00fcyor.<\/p>\n<p>Bug\u00fcn sabah saatlerinde Gazze\u2019nin g\u00fcney kesiminde yer alan Han Yusuf b\u00f6lgesinde i\u015fgal bombalar\u0131n\u0131n Filistinlilerin kald\u0131\u011f\u0131 iki evi hedef almas\u0131 sonucu aralar\u0131nda \u00e7ocuklar da bulunan 14 Filistinli \u015fehit d\u00fc\u015ft\u00fc 25 Filistinli de yaraland\u0131.<\/p>\n<p>AFP haber ajans\u0131 bug\u00fcn yay\u0131nlad\u0131\u011f\u0131 haberde Gazze\u2019de \u0130lkyard\u0131m Komisyonu Ba\u015fkan\u0131 E\u015fref el Kadra\u2019n\u0131n a\u00e7\u0131klamas\u0131na yer vererek Han Yunus b\u00f6lgesine ba\u011fl\u0131 Abbasan Beldesinde d\u00fczenlenen Siyonist sald\u0131r\u0131 sonucunda 6 Filistinlinin \u015fehit d\u00fc\u015ft\u00fc\u011f\u00fc 15 Filistinlinin de yaraland\u0131\u011f\u0131n\u0131 aktard\u0131.<\/p>\n<p>\u00d6te yandan BM Genel Sekreteri Ban Ki Moon\u2019un d\u00fcn ilan etti\u011fi Gazze\u2019de 72 saat s\u00fcresince \u0130nsani Ate\u015fkes\u2019in \u00fcst\u00fcnden 24 saat bile ge\u00e7meden \u0130srail taraf\u0131ndan ihlal edildi\u011fine i\u015faret eden kaynaklar ate\u015fkes ilan edildikten sonra en az 30 Filistinlinin \u015fehit d\u00fc\u015ft\u00fc\u011f\u00fcn\u00fc belirttiler.<\/p>\n","protected":false},"excerpt":{"rendered":"<p>GAZZE \u2013 \u0130srail i\u015fgal g\u00fc\u00e7leri uluslararas\u0131 toplumun \u00f6l\u00fcm sessizli\u011fi g\u00f6lgesinde Gazze\u2019de Filistin halk\u0131na y\u00f6nelik vah\u015fi sald\u0131r\u0131lar\u0131n\u0131 s\u00fcrd\u00fcr\u00fcyor. Bug\u00fcn sabah saatlerinde Gazze\u2019nin g\u00fcney kesiminde yer alan Han Yusuf b\u00f6lgesinde i\u015fgal bombalar\u0131n\u0131n Filistinlilerin kald\u0131\u011f\u0131 iki evi hedef almas\u0131 sonucu aralar\u0131nda \u00e7ocuklar da bulunan 14 Filistinli \u015fehit d\u00fc\u015ft\u00fc 25 Filistinli de yaraland\u0131. AFP haber ajans\u0131 bug\u00fcn yay\u0131nlad\u0131\u011f\u0131 haberde &hellip;<\/p>\n","protected":false},"author":1,"featured_media":6291,"comment_status":"closed","ping_status":"closed","sticky":false,"template":"","format":"standard","meta":{"footnotes":""},"categories":[458,459,447],"tags":[1392],"class_list":["post-6290","post","type-post","status-publish","format-standard","has-post-thumbnail","","category-dunya1","category-haberler-arap-uluslararasi-politika","category-politika","tag-uluslararasi-sessizligin-golgesinde-filistin-can-vermeye-devam-ediyor"],"_links":{"self":[{"href":"https:\/\/archive.sana.sy\/tr\/index.php?rest_route=\/wp\/v2\/posts\/6290","targetHints":{"allow":["GET"]}}],"collection":[{"href":"https:\/\/archive.sana.sy\/tr\/index.php?rest_route=\/wp\/v2\/posts"}],"about":[{"href":"https:\/\/archive.sana.sy\/tr\/index.php?rest_route=\/wp\/v2\/types\/post"}],"author":[{"embeddable":true,"href":"https:\/\/archive.sana.sy\/tr\/index.php?rest_route=\/wp\/v2\/users\/1"}],"replies":[{"embeddable":true,"href":"https:\/\/archive.sana.sy\/tr\/index.php?rest_route=%2Fwp%2Fv2%2Fcomments&post=6290"}],"version-history":[{"count":0,"href":"https:\/\/archive.sana.sy\/tr\/index.php?rest_route=\/wp\/v2\/posts\/6290\/revisions"}],"wp:featuredmedia":[{"embeddable":true,"href":"https:\/\/archive.sana.sy\/tr\/index.php?rest_route=\/wp\/v2\/media\/6291"}],"wp:attachment":[{"href":"https:\/\/archive.sana.sy\/tr\/index.php?rest_route=%2Fwp%2Fv2%2Fmedia&parent=6290"}],"wp:term":[{"taxonomy":"category","embeddable":true,"href":"https:\/\/archive.sana.sy\/tr\/index.php?rest_route=%2Fwp%2Fv2%2Fcategories&post=6290"},{"taxonomy":"post_tag","embeddable":true,"href":"https:\/\/archive.sana.sy\/tr\/index.php?rest_route=%2Fwp%2Fv2%2Ftags&post=6290"}],"curies":[{"name":"wp","href":"https:\/\/api.w.org\/{rel}","templated":true}]}}