{"id":62903,"date":"2016-02-26T17:36:51","date_gmt":"2016-02-26T15:36:51","guid":{"rendered":"http:\/\/www.sana.sy\/tr\/?p=62903"},"modified":"2016-02-27T15:36:58","modified_gmt":"2016-02-27T13:36:58","slug":"anlasmayi-kabul-eden-gruplar-hedef-alinmayacak%e2%80%8f","status":"publish","type":"post","link":"https:\/\/archive.sana.sy\/tr\/?p=62903","title":{"rendered":"Anla\u015fmay\u0131 Kabul Eden Gruplar Hedef Al\u0131nmayacak\u200f"},"content":{"rendered":"<p>MOSKOVA \u2013 Rusya Ba\u015fkan\u0131 Vladimir Putin Rus hava g\u00fc\u00e7lerinin Suriye&#8217;de \u00e7at\u0131\u015fmalar\u0131n durdurulas\u0131 anla\u015fmas\u0131n\u0131n y\u00fcr\u00fcrl\u00fckte oldu\u011fu s\u00fcre ve daha sonras\u0131nda da I\u015e\u0130D ve daha ba\u015fka ter\u00f6r \u00f6rg\u00fctlere kar\u015f\u0131 operasyonlar\u0131n\u0131 s\u00fcrd\u00fcrece\u011fini belirtti.<\/p>\n<p>Rus Federal G\u00fcvenlik Konseyinin bug\u00fcn d\u00fczenledi\u011fi geni\u015fletilmi\u015f oturumda konu\u015fan Putin; Rus hava g\u00fc\u00e7leri, Suriye ordusu ve ABD komutas\u0131ndaki koalisyon g\u00fc\u00e7lerinin, \u00e7at\u0131\u015fmalar\u0131n durdurulmas\u0131 anla\u015fmas\u0131n\u0131 kabul etti\u011fini ilan edecek silahl\u0131 gruplar\u0131 hedef almayaca\u011f\u0131n\u0131n alt\u0131n\u0131 \u00e7izdi. Putin anla\u015fmay\u0131 kabul edecek gruplar\u0131n Rusya veya ABD\u2019ye bunu net bir \u015fekilde bildirmeleri gerekti\u011fini ifade etti.<\/p>\n<p>I\u015e\u0130D ve Nusra Cephesinin BM G\u00fcvenlik Konseyi taraf\u0131ndan ter\u00f6r \u00f6rg\u00fctleri olarak s\u0131n\u0131fland\u0131r\u0131lm\u0131\u015f olduklar\u0131na dikkat \u00e7eken Putin; dolay\u0131s\u0131yla bu iki ter\u00f6r \u00f6rg\u00fct\u00fcn\u00fcn anla\u015fmaya dahil olmalar\u0131n\u0131n m\u00fcmk\u00fcn olmad\u0131\u011f\u0131n\u0131n alt\u0131n\u0131 \u00e7izdi.<\/p>\n<p>Anla\u015fman\u0131n hayata ge\u00e7irilmesinin olduk\u00e7a karma\u015f\u0131k bir mesele oldu\u011funa i\u015faret eden Putin; fakat Suriye&#8217;deki krize son verme ve b\u00f6lge istikrar\u0131n\u0131 sa\u011flaman\u0131n ba\u015fka bir yolu olmad\u0131\u011f\u0131n\u0131n da alt\u0131n\u0131 \u00e7izdi. Putin Suriye&#8217;de siyasi \u00e7\u00f6z\u00fcmden ba\u015fka bir alternatif olmad\u0131\u011f\u0131na \u00f6nemle vurgu yaparken, bunun haricindeki planlar\u0131n kabul edilemez oldu\u011funu ifade etti.<\/p>\n","protected":false},"excerpt":{"rendered":"<p>MOSKOVA \u2013 Rusya Ba\u015fkan\u0131 Vladimir Putin Rus hava g\u00fc\u00e7lerinin Suriye&#8217;de \u00e7at\u0131\u015fmalar\u0131n durdurulas\u0131 anla\u015fmas\u0131n\u0131n y\u00fcr\u00fcrl\u00fckte oldu\u011fu s\u00fcre ve daha sonras\u0131nda da I\u015e\u0130D ve daha ba\u015fka ter\u00f6r \u00f6rg\u00fctlere kar\u015f\u0131 operasyonlar\u0131n\u0131 s\u00fcrd\u00fcrece\u011fini belirtti. Rus Federal G\u00fcvenlik Konseyinin bug\u00fcn d\u00fczenledi\u011fi geni\u015fletilmi\u015f oturumda konu\u015fan Putin; Rus hava g\u00fc\u00e7leri, Suriye ordusu ve ABD komutas\u0131ndaki koalisyon g\u00fc\u00e7lerinin, \u00e7at\u0131\u015fmalar\u0131n durdurulmas\u0131 anla\u015fmas\u0131n\u0131 kabul etti\u011fini &hellip;<\/p>\n","protected":false},"author":1,"featured_media":62904,"comment_status":"closed","ping_status":"closed","sticky":false,"template":"","format":"standard","meta":{"footnotes":""},"categories":[458,459,17988],"tags":[],"class_list":["post-62903","post","type-post","status-publish","format-standard","has-post-thumbnail","","category-dunya1","category-haberler-arap-uluslararasi-politika","category-son-haberler"],"_links":{"self":[{"href":"https:\/\/archive.sana.sy\/tr\/index.php?rest_route=\/wp\/v2\/posts\/62903","targetHints":{"allow":["GET"]}}],"collection":[{"href":"https:\/\/archive.sana.sy\/tr\/index.php?rest_route=\/wp\/v2\/posts"}],"about":[{"href":"https:\/\/archive.sana.sy\/tr\/index.php?rest_route=\/wp\/v2\/types\/post"}],"author":[{"embeddable":true,"href":"https:\/\/archive.sana.sy\/tr\/index.php?rest_route=\/wp\/v2\/users\/1"}],"replies":[{"embeddable":true,"href":"https:\/\/archive.sana.sy\/tr\/index.php?rest_route=%2Fwp%2Fv2%2Fcomments&post=62903"}],"version-history":[{"count":0,"href":"https:\/\/archive.sana.sy\/tr\/index.php?rest_route=\/wp\/v2\/posts\/62903\/revisions"}],"wp:featuredmedia":[{"embeddable":true,"href":"https:\/\/archive.sana.sy\/tr\/index.php?rest_route=\/wp\/v2\/media\/62904"}],"wp:attachment":[{"href":"https:\/\/archive.sana.sy\/tr\/index.php?rest_route=%2Fwp%2Fv2%2Fmedia&parent=62903"}],"wp:term":[{"taxonomy":"category","embeddable":true,"href":"https:\/\/archive.sana.sy\/tr\/index.php?rest_route=%2Fwp%2Fv2%2Fcategories&post=62903"},{"taxonomy":"post_tag","embeddable":true,"href":"https:\/\/archive.sana.sy\/tr\/index.php?rest_route=%2Fwp%2Fv2%2Ftags&post=62903"}],"curies":[{"name":"wp","href":"https:\/\/api.w.org\/{rel}","templated":true}]}}