{"id":62913,"date":"2016-02-26T18:09:18","date_gmt":"2016-02-26T16:09:18","guid":{"rendered":"http:\/\/www.sana.sy\/tr\/?p=62913"},"modified":"2016-02-27T15:37:06","modified_gmt":"2016-02-27T13:37:06","slug":"darayyada-televizyon-ekibine-saldirdilar","status":"publish","type":"post","link":"https:\/\/archive.sana.sy\/tr\/?p=62913","title":{"rendered":"Darayya\u2019da Televizyon Ekibine Sald\u0131rd\u0131lar"},"content":{"rendered":"<p>\u015eAM KIRSALI \u2013 Radikal ter\u00f6r \u00e7eteleri \u015eam k\u0131rsal\u0131 Darayya Kasabas\u0131nda bir televizyon belgeseli \u00e7emeye \u00e7al\u0131\u015fan Suriye Televizyonunun ekibine sald\u0131rd\u0131lar.<\/p>\n<p>Suriye televizyonu yay\u0131nlad\u0131\u011f\u0131 son dakika haberinde; televizyon ekibinin b\u00f6lgede \u2018Topra\u011f\u0131n Nabz\u0131\u2019 adl\u0131 belgesel \u00e7ekimi s\u0131ras\u0131nda ter\u00f6ristlerin gaddar sald\u0131r\u0131lar\u0131 sonucunda kameramanlar\u0131ndan \u0130sa Ali Can ve Safvan el \u015eair\u2019in yaraland\u0131klar\u0131n\u0131 belirtti.<\/p>\n","protected":false},"excerpt":{"rendered":"<p>\u015eAM KIRSALI \u2013 Radikal ter\u00f6r \u00e7eteleri \u015eam k\u0131rsal\u0131 Darayya Kasabas\u0131nda bir televizyon belgeseli \u00e7emeye \u00e7al\u0131\u015fan Suriye Televizyonunun ekibine sald\u0131rd\u0131lar. Suriye televizyonu yay\u0131nlad\u0131\u011f\u0131 son dakika haberinde; televizyon ekibinin b\u00f6lgede \u2018Topra\u011f\u0131n Nabz\u0131\u2019 adl\u0131 belgesel \u00e7ekimi s\u0131ras\u0131nda ter\u00f6ristlerin gaddar sald\u0131r\u0131lar\u0131 sonucunda kameramanlar\u0131ndan \u0130sa Ali Can ve Safvan el \u015eair\u2019in yaraland\u0131klar\u0131n\u0131 belirtti.<\/p>\n","protected":false},"author":1,"featured_media":62914,"comment_status":"closed","ping_status":"closed","sticky":false,"template":"","format":"standard","meta":{"footnotes":""},"categories":[575,17988],"tags":[],"class_list":["post-62913","post","type-post","status-publish","format-standard","has-post-thumbnail","","category-olaylar-ve-gercekler","category-son-haberler"],"_links":{"self":[{"href":"https:\/\/archive.sana.sy\/tr\/index.php?rest_route=\/wp\/v2\/posts\/62913","targetHints":{"allow":["GET"]}}],"collection":[{"href":"https:\/\/archive.sana.sy\/tr\/index.php?rest_route=\/wp\/v2\/posts"}],"about":[{"href":"https:\/\/archive.sana.sy\/tr\/index.php?rest_route=\/wp\/v2\/types\/post"}],"author":[{"embeddable":true,"href":"https:\/\/archive.sana.sy\/tr\/index.php?rest_route=\/wp\/v2\/users\/1"}],"replies":[{"embeddable":true,"href":"https:\/\/archive.sana.sy\/tr\/index.php?rest_route=%2Fwp%2Fv2%2Fcomments&post=62913"}],"version-history":[{"count":0,"href":"https:\/\/archive.sana.sy\/tr\/index.php?rest_route=\/wp\/v2\/posts\/62913\/revisions"}],"wp:featuredmedia":[{"embeddable":true,"href":"https:\/\/archive.sana.sy\/tr\/index.php?rest_route=\/wp\/v2\/media\/62914"}],"wp:attachment":[{"href":"https:\/\/archive.sana.sy\/tr\/index.php?rest_route=%2Fwp%2Fv2%2Fmedia&parent=62913"}],"wp:term":[{"taxonomy":"category","embeddable":true,"href":"https:\/\/archive.sana.sy\/tr\/index.php?rest_route=%2Fwp%2Fv2%2Fcategories&post=62913"},{"taxonomy":"post_tag","embeddable":true,"href":"https:\/\/archive.sana.sy\/tr\/index.php?rest_route=%2Fwp%2Fv2%2Ftags&post=62913"}],"curies":[{"name":"wp","href":"https:\/\/api.w.org\/{rel}","templated":true}]}}