{"id":62924,"date":"2016-02-26T18:29:00","date_gmt":"2016-02-26T16:29:00","guid":{"rendered":"http:\/\/www.sana.sy\/tr\/?p=62924"},"modified":"2016-02-26T18:29:00","modified_gmt":"2016-02-26T16:29:00","slug":"sana-kameralari-erdogan-rejimine-tabi-teroristlerin-lazkiye-kirsalinin-kuzeyi-gneymiye-koyunde-vatandaslarin-evleri-ve-ibadet-yerlerine-verdigi-hasari-goruntuledi","status":"publish","type":"post","link":"https:\/\/archive.sana.sy\/tr\/?p=62924","title":{"rendered":"SANA Kameralar\u0131 Erdo\u011fan rejimine tabi ter\u00f6ristlerin Lazkiye k\u0131rsal\u0131n\u0131n kuzeyi \u011eneymiye K\u00f6y\u00fcnde vatanda\u015flar\u0131n evleri ve ibadet yerlerine verdi\u011fi hasar\u0131 g\u00f6r\u00fcnt\u00fcledi"},"content":{"rendered":"<p>SANA Kameralar\u0131 Erdo\u011fan rejimine tabi ter\u00f6ristlerin Lazkiye k\u0131rsal\u0131n\u0131n kuzeyi \u011eneymiye K\u00f6y\u00fcnde vatanda\u015flar\u0131n evleri ve ibadet yerlerine verdi\u011fi hasar\u0131 g\u00f6r\u00fcnt\u00fcledi<\/p>\n<p>https:\/\/www.youtube.com\/watch?v=SQDdyIJPs2o<\/p>\n","protected":false},"excerpt":{"rendered":"<p>SANA Kameralar\u0131 Erdo\u011fan rejimine tabi ter\u00f6ristlerin Lazkiye k\u0131rsal\u0131n\u0131n kuzeyi \u011eneymiye K\u00f6y\u00fcnde vatanda\u015flar\u0131n evleri ve ibadet yerlerine verdi\u011fi hasar\u0131 g\u00f6r\u00fcnt\u00fcledi https:\/\/www.youtube.com\/watch?v=SQDdyIJPs2o<\/p>\n","protected":false},"author":1,"featured_media":62925,"comment_status":"closed","ping_status":"closed","sticky":false,"template":"","format":"standard","meta":{"footnotes":""},"categories":[18295],"tags":[],"class_list":["post-62924","post","type-post","status-publish","format-standard","has-post-thumbnail","","category-sana-video"],"_links":{"self":[{"href":"https:\/\/archive.sana.sy\/tr\/index.php?rest_route=\/wp\/v2\/posts\/62924","targetHints":{"allow":["GET"]}}],"collection":[{"href":"https:\/\/archive.sana.sy\/tr\/index.php?rest_route=\/wp\/v2\/posts"}],"about":[{"href":"https:\/\/archive.sana.sy\/tr\/index.php?rest_route=\/wp\/v2\/types\/post"}],"author":[{"embeddable":true,"href":"https:\/\/archive.sana.sy\/tr\/index.php?rest_route=\/wp\/v2\/users\/1"}],"replies":[{"embeddable":true,"href":"https:\/\/archive.sana.sy\/tr\/index.php?rest_route=%2Fwp%2Fv2%2Fcomments&post=62924"}],"version-history":[{"count":0,"href":"https:\/\/archive.sana.sy\/tr\/index.php?rest_route=\/wp\/v2\/posts\/62924\/revisions"}],"wp:featuredmedia":[{"embeddable":true,"href":"https:\/\/archive.sana.sy\/tr\/index.php?rest_route=\/wp\/v2\/media\/62925"}],"wp:attachment":[{"href":"https:\/\/archive.sana.sy\/tr\/index.php?rest_route=%2Fwp%2Fv2%2Fmedia&parent=62924"}],"wp:term":[{"taxonomy":"category","embeddable":true,"href":"https:\/\/archive.sana.sy\/tr\/index.php?rest_route=%2Fwp%2Fv2%2Fcategories&post=62924"},{"taxonomy":"post_tag","embeddable":true,"href":"https:\/\/archive.sana.sy\/tr\/index.php?rest_route=%2Fwp%2Fv2%2Ftags&post=62924"}],"curies":[{"name":"wp","href":"https:\/\/api.w.org\/{rel}","templated":true}]}}