{"id":6293,"date":"2014-08-01T16:25:53","date_gmt":"2014-08-01T13:25:53","guid":{"rendered":"http:\/\/www.sana.sy\/tr\/?p=6293"},"modified":"2014-08-01T16:25:53","modified_gmt":"2014-08-01T13:25:53","slug":"suriye-tum-komsularindan-daha-demokratik-bir-devletti","status":"publish","type":"post","link":"https:\/\/archive.sana.sy\/tr\/?p=6293","title":{"rendered":"Suriye, T\u00fcm Kom\u015fular\u0131ndan Daha Demokratik Bir Devletti"},"content":{"rendered":"<p>PRAG \u2013 \u00c7ek Cumhuriyetinde Kom\u00fcnist Partisi Ba\u015fkan\u0131 Moravya Vojtech Filip; d\u0131\u015far\u0131dan h\u0131r\u00e7\u0131n bir sava\u015fa maruz kalan Suriye&#8217;nin, kriz \u00f6ncesinde istisnas\u0131z t\u00fcm kom\u015fular\u0131ndan daha demokratik ve ho\u015fg\u00f6r\u00fcl\u00fc bir devlet oldu\u011funu belirtti.<\/p>\n<p>\u00c7ekli Parlamenter Sayfalar web sitesine yapt\u0131\u011f\u0131 a\u00e7\u0131klamada Filip; d\u00fcnyada s\u00f6zde demokrasiyi yayma \u00e7abalar\u0131n\u0131n t\u00fcm insanl\u0131\u011f\u0131 olumsuz etkiledi\u011fine dikkat \u00e7ekti.<br \/>\nFilip muhtelif de\u011ferlerden olu\u015fan sistemleri binlerce y\u0131ll\u0131k medeni bir tarihe sahip olan \u00fclke ve halklara dayatma tehlikesine kar\u015f\u0131 uyard\u0131.<\/p>\n<p>2006 y\u0131l\u0131nda Suriye&#8217;ye bulundu\u011fu ziyaretinde devlet ve idare olarak muazzam bir ho\u015fg\u00f6r\u00fcye tan\u0131k oldu\u011funu ifade eden Filip; Bat\u0131l\u0131 ve kimi b\u00f6lge devletlerinin h\u0131r\u00e7\u0131n sava\u015f\u0131 ve medya hamlelerine ra\u011fmen son olarak yap\u0131lan ve Be\u015f\u015far el Esad\u2019\u0131n mutlak bir \u00e7o\u011funlukla kazand\u0131\u011f\u0131 se\u00e7imlerin Suriye&#8217;de ho\u015fg\u00f6r\u00fc ve medeniyete b\u00fcy\u00fck bir kan\u0131t te\u015fkil etti\u011fini belirtti.<\/p>\n<p>ABD imparatorlu\u011funun Roma imparatorlu\u011fu gibi d\u00fc\u015fece\u011fine i\u015faret eden Filip, hi\u00e7bir imparatorlu\u011fun dayatma, s\u00f6m\u00fcr\u00fc ve despotlukla devam etmesinin m\u00fcmk\u00fcn olmad\u0131\u011f\u0131n\u0131, tarihi kand\u0131rman\u0131n imkans\u0131z oldu\u011funu ifade etti.<\/p>\n","protected":false},"excerpt":{"rendered":"<p>PRAG \u2013 \u00c7ek Cumhuriyetinde Kom\u00fcnist Partisi Ba\u015fkan\u0131 Moravya Vojtech Filip; d\u0131\u015far\u0131dan h\u0131r\u00e7\u0131n bir sava\u015fa maruz kalan Suriye&#8217;nin, kriz \u00f6ncesinde istisnas\u0131z t\u00fcm kom\u015fular\u0131ndan daha demokratik ve ho\u015fg\u00f6r\u00fcl\u00fc bir devlet oldu\u011funu belirtti. \u00c7ekli Parlamenter Sayfalar web sitesine yapt\u0131\u011f\u0131 a\u00e7\u0131klamada Filip; d\u00fcnyada s\u00f6zde demokrasiyi yayma \u00e7abalar\u0131n\u0131n t\u00fcm insanl\u0131\u011f\u0131 olumsuz etkiledi\u011fine dikkat \u00e7ekti. Filip muhtelif de\u011ferlerden olu\u015fan sistemleri binlerce &hellip;<\/p>\n","protected":false},"author":1,"featured_media":6294,"comment_status":"closed","ping_status":"closed","sticky":false,"template":"","format":"standard","meta":{"footnotes":""},"categories":[556,458,559,459,447],"tags":[16591,1393],"class_list":["post-6293","post","type-post","status-publish","format-standard","has-post-thumbnail","","category-basin","category-dunya1","category-dunya-basini","category-haberler-arap-uluslararasi-politika","category-politika","tag-suriye","tag-tum-komsularindan-daha-demokratik-bir-devletti"],"_links":{"self":[{"href":"https:\/\/archive.sana.sy\/tr\/index.php?rest_route=\/wp\/v2\/posts\/6293","targetHints":{"allow":["GET"]}}],"collection":[{"href":"https:\/\/archive.sana.sy\/tr\/index.php?rest_route=\/wp\/v2\/posts"}],"about":[{"href":"https:\/\/archive.sana.sy\/tr\/index.php?rest_route=\/wp\/v2\/types\/post"}],"author":[{"embeddable":true,"href":"https:\/\/archive.sana.sy\/tr\/index.php?rest_route=\/wp\/v2\/users\/1"}],"replies":[{"embeddable":true,"href":"https:\/\/archive.sana.sy\/tr\/index.php?rest_route=%2Fwp%2Fv2%2Fcomments&post=6293"}],"version-history":[{"count":0,"href":"https:\/\/archive.sana.sy\/tr\/index.php?rest_route=\/wp\/v2\/posts\/6293\/revisions"}],"wp:featuredmedia":[{"embeddable":true,"href":"https:\/\/archive.sana.sy\/tr\/index.php?rest_route=\/wp\/v2\/media\/6294"}],"wp:attachment":[{"href":"https:\/\/archive.sana.sy\/tr\/index.php?rest_route=%2Fwp%2Fv2%2Fmedia&parent=6293"}],"wp:term":[{"taxonomy":"category","embeddable":true,"href":"https:\/\/archive.sana.sy\/tr\/index.php?rest_route=%2Fwp%2Fv2%2Fcategories&post=6293"},{"taxonomy":"post_tag","embeddable":true,"href":"https:\/\/archive.sana.sy\/tr\/index.php?rest_route=%2Fwp%2Fv2%2Ftags&post=6293"}],"curies":[{"name":"wp","href":"https:\/\/api.w.org\/{rel}","templated":true}]}}