{"id":62933,"date":"2016-02-27T12:07:24","date_gmt":"2016-02-27T10:07:24","guid":{"rendered":"http:\/\/www.sana.sy\/tr\/?p=62933"},"modified":"2016-02-29T15:03:47","modified_gmt":"2016-02-29T13:03:47","slug":"caferi-anlasmanin-basarili-olmasi-icin-bir-dizi-meseleye-dikkat-cekti","status":"publish","type":"post","link":"https:\/\/archive.sana.sy\/tr\/?p=62933","title":{"rendered":"Caferi Anla\u015fman\u0131n Ba\u015far\u0131l\u0131 Olmas\u0131 \u0130\u00e7in Bir Dizi Meseleye Dikkat \u00c7ekti"},"content":{"rendered":"<p>NEW YORK \u2013 Suriye&#8217;nin Birle\u015fmi\u015f Milletlerdeki Daimi Temsilcisi Be\u015f\u015far el Caferi BM G\u00fcvenlik Konseyinin Suriye&#8217;de \u00e7at\u0131\u015fmalar\u0131n durdurulmas\u0131na ili\u015fkin 2268 say\u0131l\u0131 karar\u0131 \u00e7o\u011funluk oyla onaylamas\u0131 ard\u0131ndan oturumda yapt\u0131\u011f\u0131 konu\u015fmada; Suriye h\u00fck\u00fcmetinin ter\u00f6re kar\u015f\u0131 askeri \u00e7abalar\u0131n devam etmesi temelinde \u00e7at\u0131\u015fmalar\u0131n durdurulmas\u0131n\u0131 resmi olarak kabul etti\u011fine dikkat \u00e7ekti.<\/p>\n<p>Caferi Suriye h\u00fck\u00fcmetinin Suriyelilerin masum kanlar\u0131n\u0131n ak\u0131t\u0131lmas\u0131na son verilmesi ve yurdun her kar\u0131\u015f topra\u011f\u0131nda g\u00fcvenlik ve istikrar\u0131n sa\u011flanmas\u0131 \u00f6zeniyle her daim siyasi \u00e7\u00f6z\u00fcm y\u00f6n\u00fcnde hi\u00e7bir \u00e7abay\u0131 esirgemedi\u011fini vurgulad\u0131.<\/p>\n<p>Suriye&#8217;nin \u00e7at\u0131\u015fmalar\u0131n durdurulmas\u0131 anla\u015fmas\u0131n\u0131 resmi olarak kabul etti\u011fini ilan etti\u011fine i\u015faret eden Caferi; fakat I\u015e\u0130D ve Nusra Cephesiyle birlikte bu \u00f6rg\u00fctlere ve Kaide ter\u00f6r \u00f6rg\u00fct\u00fcne ba\u011fl\u0131 olan ter\u00f6rist gruplara kar\u015f\u0131 m\u00fccadelede askeri \u00e7abalar\u0131n devam etmesi temeline vurgu yapt\u0131.<\/p>\n<p>Caferi \u00e7at\u0131\u015fmalar\u0131n ba\u015far\u0131l\u0131 bir \u015fekilde durdurulmas\u0131 i\u00e7in Suriye h\u00fck\u00fcmetinin Rusya ile koordinasyon ve i\u015fbirli\u011fi i\u00e7inde oldu\u011funu ifade ederken, bu anla\u015fman\u0131n ba\u015far\u0131l\u0131 olmas\u0131 i\u00e7in gerekli olan bir dizi meselenin alt\u0131n\u0131 \u00e7izdi. Bu meselelerin ba\u015f\u0131nda s\u0131n\u0131rlar\u0131n kontrol alt\u0131nda olmas\u0131 gere\u011finin alt\u0131n\u0131 \u00e7izen Caferi, \u00f6zellikle T\u00fcrkiye ve Suudi Arabistan rejimlerinin Suriye&#8217;de ter\u00f6re verdikleri muhtelif t\u00fcr deste\u011fin kesilmesinin \u00f6nemine de bir kez daha dikkat \u00e7ekti.<\/p>\n<p>Caferi konu\u015fmas\u0131nda ter\u00f6ristlerin bu anla\u015fmay\u0131 f\u0131rsat kullan\u0131p konumlar\u0131n\u0131 g\u00fc\u00e7lendirme ya da askeri veya lojistik destek alma \u00e7abalar\u0131n\u0131n engellenmesi gere\u011fini ifade etti. Suriye h\u00fck\u00fcmetinin ter\u00f6ristler taraf\u0131ndan Suriye halk\u0131na, Suriye ordusuna ya da Suriye devletine y\u00f6nelik herhangi bir sald\u0131r\u0131da bulunup anla\u015fmay\u0131 ihlal etmelerine kar\u015f\u0131 cevap verme hakk\u0131n\u0131 sakl\u0131 tuttu\u011funun alt\u0131n\u0131 \u00e7izen Caferi; anla\u015fman\u0131n hayata ge\u00e7irilmesini g\u00f6zetlemede de tarafs\u0131z ve d\u00fcr\u00fcst olman\u0131n gere\u011fini vurgulad\u0131.<\/p>\n<p>Caferi Kaide \u00d6rg\u00fct\u00fcn\u00fcn Suriye kolu Nusra Cephesinin T\u00fcrkiye&#8217;de istihbarat cihazlar\u0131 taraf\u0131ndan te\u015fkil edilen ve kuzeyde T\u00fcrkiye s\u0131n\u0131rlar\u0131 yak\u0131nlar\u0131nda faaliyet g\u00f6steren Ahrar el \u015eam \u0130slami Hareketiyle m\u00fcttefik oldu\u011funu belirtti.<\/p>\n","protected":false},"excerpt":{"rendered":"<p>NEW YORK \u2013 Suriye&#8217;nin Birle\u015fmi\u015f Milletlerdeki Daimi Temsilcisi Be\u015f\u015far el Caferi BM G\u00fcvenlik Konseyinin Suriye&#8217;de \u00e7at\u0131\u015fmalar\u0131n durdurulmas\u0131na ili\u015fkin 2268 say\u0131l\u0131 karar\u0131 \u00e7o\u011funluk oyla onaylamas\u0131 ard\u0131ndan oturumda yapt\u0131\u011f\u0131 konu\u015fmada; Suriye h\u00fck\u00fcmetinin ter\u00f6re kar\u015f\u0131 askeri \u00e7abalar\u0131n devam etmesi temelinde \u00e7at\u0131\u015fmalar\u0131n durdurulmas\u0131n\u0131 resmi olarak kabul etti\u011fine dikkat \u00e7ekti. Caferi Suriye h\u00fck\u00fcmetinin Suriyelilerin masum kanlar\u0131n\u0131n ak\u0131t\u0131lmas\u0131na son verilmesi ve &hellip;<\/p>\n","protected":false},"author":1,"featured_media":62937,"comment_status":"closed","ping_status":"closed","sticky":false,"template":"","format":"standard","meta":{"footnotes":""},"categories":[458,459,17988],"tags":[19399,19491,19446,16882],"class_list":["post-62933","post","type-post","status-publish","format-standard","has-post-thumbnail","","category-dunya1","category-haberler-arap-uluslararasi-politika","category-son-haberler","tag-bm-guvenlik-konseyi","tag-catismalari-durdurma-anlasmasi","tag-suriyede-ateskes","tag-suriyenin-birlesmis-milletlerdeki-daimi-temsilcisi-bessar-el-caferi"],"_links":{"self":[{"href":"https:\/\/archive.sana.sy\/tr\/index.php?rest_route=\/wp\/v2\/posts\/62933","targetHints":{"allow":["GET"]}}],"collection":[{"href":"https:\/\/archive.sana.sy\/tr\/index.php?rest_route=\/wp\/v2\/posts"}],"about":[{"href":"https:\/\/archive.sana.sy\/tr\/index.php?rest_route=\/wp\/v2\/types\/post"}],"author":[{"embeddable":true,"href":"https:\/\/archive.sana.sy\/tr\/index.php?rest_route=\/wp\/v2\/users\/1"}],"replies":[{"embeddable":true,"href":"https:\/\/archive.sana.sy\/tr\/index.php?rest_route=%2Fwp%2Fv2%2Fcomments&post=62933"}],"version-history":[{"count":0,"href":"https:\/\/archive.sana.sy\/tr\/index.php?rest_route=\/wp\/v2\/posts\/62933\/revisions"}],"wp:featuredmedia":[{"embeddable":true,"href":"https:\/\/archive.sana.sy\/tr\/index.php?rest_route=\/wp\/v2\/media\/62937"}],"wp:attachment":[{"href":"https:\/\/archive.sana.sy\/tr\/index.php?rest_route=%2Fwp%2Fv2%2Fmedia&parent=62933"}],"wp:term":[{"taxonomy":"category","embeddable":true,"href":"https:\/\/archive.sana.sy\/tr\/index.php?rest_route=%2Fwp%2Fv2%2Fcategories&post=62933"},{"taxonomy":"post_tag","embeddable":true,"href":"https:\/\/archive.sana.sy\/tr\/index.php?rest_route=%2Fwp%2Fv2%2Ftags&post=62933"}],"curies":[{"name":"wp","href":"https:\/\/api.w.org\/{rel}","templated":true}]}}