{"id":62936,"date":"2016-02-27T12:09:22","date_gmt":"2016-02-27T10:09:22","guid":{"rendered":"http:\/\/www.sana.sy\/tr\/?p=62936"},"modified":"2016-02-27T12:09:22","modified_gmt":"2016-02-27T10:09:22","slug":"sanaya-aciklama-yapana-askeri-kaynak-ordu-birliklerimizin-hama-kirsalinin-dogusu-selemiye-bolgesinin-mfekkir-koyunde-isidli-intihar-eylemcisi-bir-teroristin-kullandigi-bombali-bir-ar","status":"publish","type":"post","link":"https:\/\/archive.sana.sy\/tr\/?p=62936","title":{"rendered":"SANA\u2019ya a\u00e7\u0131klama yapana askeri kaynak ordu birliklerimizin Hama k\u0131rsal\u0131n\u0131n do\u011fusu Selemiye B\u00f6lgesinin Mfekkir K\u00f6y\u00fcnde I\u015e\u0130D\u2019li intihar eylemcisi bir ter\u00f6ristin kulland\u0131\u011f\u0131 bombal\u0131 bir arac\u0131 hedefe ula\u015fmadan \u00f6nce ba\u015far\u0131yla imha ettiklerini belirtti"},"content":{"rendered":"<p>SANA\u2019ya a\u00e7\u0131klama yapana askeri kaynak ordu birliklerimizin Hama k\u0131rsal\u0131n\u0131n do\u011fusu Selemiye B\u00f6lgesinin Mfekkir K\u00f6y\u00fcnde I\u015e\u0130D\u2019li intihar eylemcisi bir ter\u00f6ristin kulland\u0131\u011f\u0131 bombal\u0131 bir arac\u0131 hedefe ula\u015fmadan \u00f6nce ba\u015far\u0131yla imha ettiklerini belirtti<\/p>\n","protected":false},"excerpt":{"rendered":"<p>SANA\u2019ya a\u00e7\u0131klama yapana askeri kaynak ordu birliklerimizin Hama k\u0131rsal\u0131n\u0131n do\u011fusu Selemiye B\u00f6lgesinin Mfekkir K\u00f6y\u00fcnde I\u015e\u0130D\u2019li intihar eylemcisi bir ter\u00f6ristin kulland\u0131\u011f\u0131 bombal\u0131 bir arac\u0131 hedefe ula\u015fmadan \u00f6nce ba\u015far\u0131yla imha ettiklerini belirtti<\/p>\n","protected":false},"author":1,"featured_media":0,"comment_status":"closed","ping_status":"closed","sticky":false,"template":"","format":"standard","meta":{"footnotes":""},"categories":[17991],"tags":[],"class_list":["post-62936","post","type-post","status-publish","format-standard","","category-son-dakika"],"_links":{"self":[{"href":"https:\/\/archive.sana.sy\/tr\/index.php?rest_route=\/wp\/v2\/posts\/62936","targetHints":{"allow":["GET"]}}],"collection":[{"href":"https:\/\/archive.sana.sy\/tr\/index.php?rest_route=\/wp\/v2\/posts"}],"about":[{"href":"https:\/\/archive.sana.sy\/tr\/index.php?rest_route=\/wp\/v2\/types\/post"}],"author":[{"embeddable":true,"href":"https:\/\/archive.sana.sy\/tr\/index.php?rest_route=\/wp\/v2\/users\/1"}],"replies":[{"embeddable":true,"href":"https:\/\/archive.sana.sy\/tr\/index.php?rest_route=%2Fwp%2Fv2%2Fcomments&post=62936"}],"version-history":[{"count":0,"href":"https:\/\/archive.sana.sy\/tr\/index.php?rest_route=\/wp\/v2\/posts\/62936\/revisions"}],"wp:attachment":[{"href":"https:\/\/archive.sana.sy\/tr\/index.php?rest_route=%2Fwp%2Fv2%2Fmedia&parent=62936"}],"wp:term":[{"taxonomy":"category","embeddable":true,"href":"https:\/\/archive.sana.sy\/tr\/index.php?rest_route=%2Fwp%2Fv2%2Fcategories&post=62936"},{"taxonomy":"post_tag","embeddable":true,"href":"https:\/\/archive.sana.sy\/tr\/index.php?rest_route=%2Fwp%2Fv2%2Ftags&post=62936"}],"curies":[{"name":"wp","href":"https:\/\/api.w.org\/{rel}","templated":true}]}}