{"id":62941,"date":"2016-02-27T13:42:22","date_gmt":"2016-02-27T11:42:22","guid":{"rendered":"http:\/\/www.sana.sy\/tr\/?p=62941"},"modified":"2016-02-29T15:03:36","modified_gmt":"2016-02-29T13:03:36","slug":"hama-kirsalinda-3-bombali-eylem","status":"publish","type":"post","link":"https:\/\/archive.sana.sy\/tr\/?p=62941","title":{"rendered":"Hama K\u0131rsal\u0131nda 3 Bombal\u0131 Eylem"},"content":{"rendered":"<p>HAMA \u2013 Kim taraf\u0131ndan ne ama\u00e7la desteklendikleri art\u0131k herkes taraf\u0131ndan bilinen ter\u00f6ristlerin bug\u00fcn Hama k\u0131rsal\u0131n\u0131n do\u011fusu Selemiye B\u00f6lgesinde ger\u00e7ekle\u015ftirdikleri 3 bombal\u0131 ter\u00f6r eyleminde 6 vatanda\u015f \u015fehit d\u00fc\u015ferken, bir\u00e7ok vatanda\u015f da yaral\u0131 d\u00fc\u015ft\u00fc.<\/p>\n<p><a href=\"http:\/\/www.sana.sy\/tr\/wp-content\/uploads\/2016\/02\/Selemiye-5.jpg\"><img loading=\"lazy\" decoding=\"async\" class=\"alignright wp-image-62997 size-medium\" src=\"http:\/\/www.sana.sy\/tr\/wp-content\/uploads\/2016\/02\/Selemiye-5-169x300.jpg\" alt=\"Selemiye 5\" width=\"169\" height=\"300\" srcset=\"https:\/\/archive.sana.sy\/tr\/wp-content\/uploads\/2016\/02\/Selemiye-5-169x300.jpg 169w, https:\/\/archive.sana.sy\/tr\/wp-content\/uploads\/2016\/02\/Selemiye-5-84x150.jpg 84w, https:\/\/archive.sana.sy\/tr\/wp-content\/uploads\/2016\/02\/Selemiye-5-576x1024.jpg 576w, https:\/\/archive.sana.sy\/tr\/wp-content\/uploads\/2016\/02\/Selemiye-5.jpg 720w\" sizes=\"auto, (max-width: 169px) 100vw, 169px\" \/><\/a>Hama Valili\u011finde yetkili bir kaynak SANA\u2019ya a\u00e7\u0131klamas\u0131nda; intihar eylemcisi bir ter\u00f6ristin bug\u00fcn sabah saat 6 civarlar\u0131nda Selemiye Kentinin do\u011fu giri\u015fine yakla\u015f\u0131k 1 km uzakl\u0131kta bombal\u0131 bir ara\u00e7la kendini havaya u\u00e7urdu\u011funu s\u00f6yledi. Kaynak gaddar bombal\u0131 ter\u00f6r eyleminde 2 ki\u015finin \u015fehit, 4 ki\u015finin de yaral\u0131 d\u00fc\u015ft\u00fcklerini belirtirken, a\u011f\u0131r yaral\u0131lar\u0131n Selemiye Devlet Hastanesine kald\u0131r\u0131ld\u0131klar\u0131n\u0131 s\u00f6zlerine ekledi.<\/p>\n<p>Kaynak patlaman\u0131n oldu\u011fu b\u00f6lgede yap\u0131lan ara\u015ft\u0131rmalar\u0131n ilk verilerine g\u00f6re havaya u\u00e7urulan bombal\u0131 arac\u0131n yakla\u015f\u0131k bir ton patlay\u0131c\u0131yla haz\u0131rlanm\u0131\u015f oldu\u011funa dikkat \u00e7ekti.<\/p>\n<p>G\u00fcn\u00fcn ilerleyen saatlerinde a\u00e7\u0131klama yapan kaynak intihar eylemcisi ba\u015fka bir ter\u00f6ristin Selemiye k\u0131rsal\u0131n\u0131n do\u011fusu T\u0131yba K\u00f6y\u00fcnde kulland\u0131\u011f\u0131 bombal\u0131 motosikletle kendini havaya u\u00e7urdu\u011funu s\u00f6yledi. Kaynak burada meydana gelen hain ter\u00f6r eyleminde ise 4 ki\u015finin \u015fehit, birka\u00e7 ki\u015finin de yaral\u0131 d\u00fc\u015ft\u00fcklerini ifade etti.<\/p>\n<p>Ayn\u0131 kaynak sabah saatlerinde ise Selemiye Hneyfis yolu \u00fczerinde ter\u00f6ristlerin yerle\u015ftirdikleri bir bomba d\u00fczene\u011fini havaya u\u00e7urmalar\u0131 sonucunda 1 ki\u015finin yaraland\u0131\u011f\u0131n\u0131 s\u00f6yledi.<\/p>\n<div id='gallery-1' class='gallery galleryid-62941 gallery-columns-3 gallery-size-thumbnail'><figure class='gallery-item'>\n\t\t\t<div class='gallery-icon portrait'>\n\t\t\t\t<a href='https:\/\/archive.sana.sy\/tr\/wp-content\/uploads\/2016\/02\/Selemiye.jpg'><img loading=\"lazy\" decoding=\"async\" width=\"113\" height=\"150\" src=\"https:\/\/archive.sana.sy\/tr\/wp-content\/uploads\/2016\/02\/Selemiye-113x150.jpg\" class=\"attachment-thumbnail size-thumbnail\" alt=\"\" srcset=\"https:\/\/archive.sana.sy\/tr\/wp-content\/uploads\/2016\/02\/Selemiye-113x150.jpg 113w, https:\/\/archive.sana.sy\/tr\/wp-content\/uploads\/2016\/02\/Selemiye-227x300.jpg 227w, https:\/\/archive.sana.sy\/tr\/wp-content\/uploads\/2016\/02\/Selemiye.jpg 663w\" sizes=\"auto, (max-width: 113px) 100vw, 113px\" \/><\/a>\n\t\t\t<\/div><\/figure><figure class='gallery-item'>\n\t\t\t<div class='gallery-icon landscape'>\n\t\t\t\t<a href='https:\/\/archive.sana.sy\/tr\/wp-content\/uploads\/2016\/02\/Selemiye-1.jpg'><img loading=\"lazy\" decoding=\"async\" width=\"150\" height=\"126\" src=\"https:\/\/archive.sana.sy\/tr\/wp-content\/uploads\/2016\/02\/Selemiye-1-150x126.jpg\" class=\"attachment-thumbnail size-thumbnail\" alt=\"\" srcset=\"https:\/\/archive.sana.sy\/tr\/wp-content\/uploads\/2016\/02\/Selemiye-1-150x126.jpg 150w, https:\/\/archive.sana.sy\/tr\/wp-content\/uploads\/2016\/02\/Selemiye-1-300x253.jpg 300w, https:\/\/archive.sana.sy\/tr\/wp-content\/uploads\/2016\/02\/Selemiye-1.jpg 720w\" sizes=\"auto, (max-width: 150px) 100vw, 150px\" \/><\/a>\n\t\t\t<\/div><\/figure><figure class='gallery-item'>\n\t\t\t<div class='gallery-icon landscape'>\n\t\t\t\t<a href='https:\/\/archive.sana.sy\/tr\/wp-content\/uploads\/2016\/02\/Selemiye-2.jpg'><img loading=\"lazy\" decoding=\"async\" width=\"150\" height=\"133\" src=\"https:\/\/archive.sana.sy\/tr\/wp-content\/uploads\/2016\/02\/Selemiye-2-150x133.jpg\" class=\"attachment-thumbnail size-thumbnail\" alt=\"\" srcset=\"https:\/\/archive.sana.sy\/tr\/wp-content\/uploads\/2016\/02\/Selemiye-2-150x133.jpg 150w, https:\/\/archive.sana.sy\/tr\/wp-content\/uploads\/2016\/02\/Selemiye-2-300x265.jpg 300w, https:\/\/archive.sana.sy\/tr\/wp-content\/uploads\/2016\/02\/Selemiye-2.jpg 720w\" sizes=\"auto, (max-width: 150px) 100vw, 150px\" \/><\/a>\n\t\t\t<\/div><\/figure><figure class='gallery-item'>\n\t\t\t<div class='gallery-icon landscape'>\n\t\t\t\t<a href='https:\/\/archive.sana.sy\/tr\/wp-content\/uploads\/2016\/02\/Selemiye-3.jpg'><img loading=\"lazy\" decoding=\"async\" width=\"150\" height=\"126\" src=\"https:\/\/archive.sana.sy\/tr\/wp-content\/uploads\/2016\/02\/Selemiye-3-150x126.jpg\" class=\"attachment-thumbnail size-thumbnail\" alt=\"\" srcset=\"https:\/\/archive.sana.sy\/tr\/wp-content\/uploads\/2016\/02\/Selemiye-3-150x126.jpg 150w, https:\/\/archive.sana.sy\/tr\/wp-content\/uploads\/2016\/02\/Selemiye-3-300x253.jpg 300w, https:\/\/archive.sana.sy\/tr\/wp-content\/uploads\/2016\/02\/Selemiye-3.jpg 696w\" sizes=\"auto, (max-width: 150px) 100vw, 150px\" \/><\/a>\n\t\t\t<\/div><\/figure><figure class='gallery-item'>\n\t\t\t<div class='gallery-icon portrait'>\n\t\t\t\t<a href='https:\/\/archive.sana.sy\/tr\/wp-content\/uploads\/2016\/02\/Selemiye-4.jpg'><img loading=\"lazy\" decoding=\"async\" width=\"84\" height=\"150\" src=\"https:\/\/archive.sana.sy\/tr\/wp-content\/uploads\/2016\/02\/Selemiye-4-84x150.jpg\" class=\"attachment-thumbnail size-thumbnail\" alt=\"\" srcset=\"https:\/\/archive.sana.sy\/tr\/wp-content\/uploads\/2016\/02\/Selemiye-4-84x150.jpg 84w, https:\/\/archive.sana.sy\/tr\/wp-content\/uploads\/2016\/02\/Selemiye-4-169x300.jpg 169w, https:\/\/archive.sana.sy\/tr\/wp-content\/uploads\/2016\/02\/Selemiye-4-576x1024.jpg 576w, https:\/\/archive.sana.sy\/tr\/wp-content\/uploads\/2016\/02\/Selemiye-4.jpg 720w\" sizes=\"auto, (max-width: 84px) 100vw, 84px\" \/><\/a>\n\t\t\t<\/div><\/figure>\n\t\t<\/div>\n\n","protected":false},"excerpt":{"rendered":"<p>HAMA \u2013 Kim taraf\u0131ndan ne ama\u00e7la desteklendikleri art\u0131k herkes taraf\u0131ndan bilinen ter\u00f6ristlerin bug\u00fcn Hama k\u0131rsal\u0131n\u0131n do\u011fusu Selemiye B\u00f6lgesinde ger\u00e7ekle\u015ftirdikleri 3 bombal\u0131 ter\u00f6r eyleminde 6 vatanda\u015f \u015fehit d\u00fc\u015ferken, bir\u00e7ok vatanda\u015f da yaral\u0131 d\u00fc\u015ft\u00fc. Hama Valili\u011finde yetkili bir kaynak SANA\u2019ya a\u00e7\u0131klamas\u0131nda; intihar eylemcisi bir ter\u00f6ristin bug\u00fcn sabah saat 6 civarlar\u0131nda Selemiye Kentinin do\u011fu giri\u015fine yakla\u015f\u0131k 1 km &hellip;<\/p>\n","protected":false},"author":1,"featured_media":62942,"comment_status":"closed","ping_status":"closed","sticky":false,"template":"","format":"standard","meta":{"footnotes":""},"categories":[596,575,17988],"tags":[17129,19521,19119,18575,19520,19522],"class_list":["post-62941","post","type-post","status-publish","format-standard","has-post-thumbnail","","category-fotografli-raporlar","category-olaylar-ve-gercekler","category-son-haberler","tag-bombali-arac","tag-bombali-motosiklet","tag-bombali-teror-eylemi","tag-canli-bomba","tag-intihar-eylemcisi-terorist","tag-selemiye-kirsali"],"_links":{"self":[{"href":"https:\/\/archive.sana.sy\/tr\/index.php?rest_route=\/wp\/v2\/posts\/62941","targetHints":{"allow":["GET"]}}],"collection":[{"href":"https:\/\/archive.sana.sy\/tr\/index.php?rest_route=\/wp\/v2\/posts"}],"about":[{"href":"https:\/\/archive.sana.sy\/tr\/index.php?rest_route=\/wp\/v2\/types\/post"}],"author":[{"embeddable":true,"href":"https:\/\/archive.sana.sy\/tr\/index.php?rest_route=\/wp\/v2\/users\/1"}],"replies":[{"embeddable":true,"href":"https:\/\/archive.sana.sy\/tr\/index.php?rest_route=%2Fwp%2Fv2%2Fcomments&post=62941"}],"version-history":[{"count":0,"href":"https:\/\/archive.sana.sy\/tr\/index.php?rest_route=\/wp\/v2\/posts\/62941\/revisions"}],"wp:featuredmedia":[{"embeddable":true,"href":"https:\/\/archive.sana.sy\/tr\/index.php?rest_route=\/wp\/v2\/media\/62942"}],"wp:attachment":[{"href":"https:\/\/archive.sana.sy\/tr\/index.php?rest_route=%2Fwp%2Fv2%2Fmedia&parent=62941"}],"wp:term":[{"taxonomy":"category","embeddable":true,"href":"https:\/\/archive.sana.sy\/tr\/index.php?rest_route=%2Fwp%2Fv2%2Fcategories&post=62941"},{"taxonomy":"post_tag","embeddable":true,"href":"https:\/\/archive.sana.sy\/tr\/index.php?rest_route=%2Fwp%2Fv2%2Ftags&post=62941"}],"curies":[{"name":"wp","href":"https:\/\/api.w.org\/{rel}","templated":true}]}}