{"id":62944,"date":"2016-02-27T08:09:16","date_gmt":"2016-02-27T06:09:16","guid":{"rendered":"http:\/\/www.sana.sy\/tr\/?p=62944"},"modified":"2016-02-27T12:57:37","modified_gmt":"2016-02-27T10:57:37","slug":"hama-valiliginde-bir-kaynak-gaddar-bombali-teror-eyleminde-2-kisinin-sehit-4-kisinin-de-yarali-dustuklerini-belirtirken-agir-yaralilarin-selemiye-devlet-hastanesine-kaldirildiklarini-sozlerine-ekled","status":"publish","type":"post","link":"https:\/\/archive.sana.sy\/tr\/?p=62944","title":{"rendered":"Hama Valili\u011finde bir kaynak gaddar bombal\u0131 ter\u00f6r eyleminde 2 ki\u015finin \u015fehit, 4 ki\u015finin de yaral\u0131 d\u00fc\u015ft\u00fcklerini belirtirken, a\u011f\u0131r yaral\u0131lar\u0131n Selemiye Devlet Hastanesine kald\u0131r\u0131ld\u0131klar\u0131n\u0131 s\u00f6zlerine ekledi"},"content":{"rendered":"<p>Hama Valili\u011finde bir kaynak gaddar bombal\u0131 ter\u00f6r eyleminde 2 ki\u015finin \u015fehit, 4 ki\u015finin de yaral\u0131 d\u00fc\u015ft\u00fcklerini belirtirken, a\u011f\u0131r yaral\u0131lar\u0131n Selemiye Devlet Hastanesine kald\u0131r\u0131ld\u0131klar\u0131n\u0131 s\u00f6zlerine ekledi<\/p>\n","protected":false},"excerpt":{"rendered":"<p>Hama Valili\u011finde bir kaynak gaddar bombal\u0131 ter\u00f6r eyleminde 2 ki\u015finin \u015fehit, 4 ki\u015finin de yaral\u0131 d\u00fc\u015ft\u00fcklerini belirtirken, a\u011f\u0131r yaral\u0131lar\u0131n Selemiye Devlet Hastanesine kald\u0131r\u0131ld\u0131klar\u0131n\u0131 s\u00f6zlerine ekledi<\/p>\n","protected":false},"author":1,"featured_media":0,"comment_status":"closed","ping_status":"closed","sticky":false,"template":"","format":"standard","meta":{"footnotes":""},"categories":[17991],"tags":[],"class_list":["post-62944","post","type-post","status-publish","format-standard","","category-son-dakika"],"_links":{"self":[{"href":"https:\/\/archive.sana.sy\/tr\/index.php?rest_route=\/wp\/v2\/posts\/62944","targetHints":{"allow":["GET"]}}],"collection":[{"href":"https:\/\/archive.sana.sy\/tr\/index.php?rest_route=\/wp\/v2\/posts"}],"about":[{"href":"https:\/\/archive.sana.sy\/tr\/index.php?rest_route=\/wp\/v2\/types\/post"}],"author":[{"embeddable":true,"href":"https:\/\/archive.sana.sy\/tr\/index.php?rest_route=\/wp\/v2\/users\/1"}],"replies":[{"embeddable":true,"href":"https:\/\/archive.sana.sy\/tr\/index.php?rest_route=%2Fwp%2Fv2%2Fcomments&post=62944"}],"version-history":[{"count":0,"href":"https:\/\/archive.sana.sy\/tr\/index.php?rest_route=\/wp\/v2\/posts\/62944\/revisions"}],"wp:attachment":[{"href":"https:\/\/archive.sana.sy\/tr\/index.php?rest_route=%2Fwp%2Fv2%2Fmedia&parent=62944"}],"wp:term":[{"taxonomy":"category","embeddable":true,"href":"https:\/\/archive.sana.sy\/tr\/index.php?rest_route=%2Fwp%2Fv2%2Fcategories&post=62944"},{"taxonomy":"post_tag","embeddable":true,"href":"https:\/\/archive.sana.sy\/tr\/index.php?rest_route=%2Fwp%2Fv2%2Ftags&post=62944"}],"curies":[{"name":"wp","href":"https:\/\/api.w.org\/{rel}","templated":true}]}}