{"id":62948,"date":"2016-02-27T08:14:58","date_gmt":"2016-02-27T06:14:58","guid":{"rendered":"http:\/\/www.sana.sy\/tr\/?p=62948"},"modified":"2016-02-27T12:58:15","modified_gmt":"2016-02-27T10:58:15","slug":"kaynak-intihar-eylemcisi-baska-bir-teroristin-selemiye-kirsalinin-dogusu-tiyba-koyunde-kullandigi-bombali-motosikletle-kendini-havaya-ucurdugunu-soyledi","status":"publish","type":"post","link":"https:\/\/archive.sana.sy\/tr\/?p=62948","title":{"rendered":"kaynak intihar eylemcisi ba\u015fka bir ter\u00f6ristin Selemiye k\u0131rsal\u0131n\u0131n do\u011fusu T\u0131yba K\u00f6y\u00fcnde kulland\u0131\u011f\u0131 bombal\u0131 motosikletle kendini havaya u\u00e7urdu\u011funu s\u00f6yledi"},"content":{"rendered":"<p>kaynak intihar eylemcisi ba\u015fka bir ter\u00f6ristin Selemiye k\u0131rsal\u0131n\u0131n do\u011fusu T\u0131yba K\u00f6y\u00fcnde kulland\u0131\u011f\u0131 bombal\u0131 motosikletle kendini havaya u\u00e7urdu\u011funu s\u00f6yledi<\/p>\n","protected":false},"excerpt":{"rendered":"<p>kaynak intihar eylemcisi ba\u015fka bir ter\u00f6ristin Selemiye k\u0131rsal\u0131n\u0131n do\u011fusu T\u0131yba K\u00f6y\u00fcnde kulland\u0131\u011f\u0131 bombal\u0131 motosikletle kendini havaya u\u00e7urdu\u011funu s\u00f6yledi<\/p>\n","protected":false},"author":1,"featured_media":0,"comment_status":"closed","ping_status":"closed","sticky":false,"template":"","format":"standard","meta":{"footnotes":""},"categories":[17991],"tags":[],"class_list":["post-62948","post","type-post","status-publish","format-standard","","category-son-dakika"],"_links":{"self":[{"href":"https:\/\/archive.sana.sy\/tr\/index.php?rest_route=\/wp\/v2\/posts\/62948","targetHints":{"allow":["GET"]}}],"collection":[{"href":"https:\/\/archive.sana.sy\/tr\/index.php?rest_route=\/wp\/v2\/posts"}],"about":[{"href":"https:\/\/archive.sana.sy\/tr\/index.php?rest_route=\/wp\/v2\/types\/post"}],"author":[{"embeddable":true,"href":"https:\/\/archive.sana.sy\/tr\/index.php?rest_route=\/wp\/v2\/users\/1"}],"replies":[{"embeddable":true,"href":"https:\/\/archive.sana.sy\/tr\/index.php?rest_route=%2Fwp%2Fv2%2Fcomments&post=62948"}],"version-history":[{"count":0,"href":"https:\/\/archive.sana.sy\/tr\/index.php?rest_route=\/wp\/v2\/posts\/62948\/revisions"}],"wp:attachment":[{"href":"https:\/\/archive.sana.sy\/tr\/index.php?rest_route=%2Fwp%2Fv2%2Fmedia&parent=62948"}],"wp:term":[{"taxonomy":"category","embeddable":true,"href":"https:\/\/archive.sana.sy\/tr\/index.php?rest_route=%2Fwp%2Fv2%2Fcategories&post=62948"},{"taxonomy":"post_tag","embeddable":true,"href":"https:\/\/archive.sana.sy\/tr\/index.php?rest_route=%2Fwp%2Fv2%2Ftags&post=62948"}],"curies":[{"name":"wp","href":"https:\/\/api.w.org\/{rel}","templated":true}]}}