{"id":6296,"date":"2014-08-01T16:37:16","date_gmt":"2014-08-01T13:37:16","guid":{"rendered":"http:\/\/www.sana.sy\/tr\/?p=6296"},"modified":"2014-08-01T16:37:16","modified_gmt":"2014-08-01T13:37:16","slug":"pak-kanlariyla-sanli-zafer-ve-onurlu-gelecegin-yolunu-aydinlatiyorlar","status":"publish","type":"post","link":"https:\/\/archive.sana.sy\/tr\/?p=6296","title":{"rendered":"Pak Kanlar\u0131yla \u015eanl\u0131 Zafer ve Onurlu Gelece\u011fin Yolunu Ayd\u0131nlat\u0131yorlar"},"content":{"rendered":"<p>GOLAN &#8211;\u00a0 \u0130srail i\u015fgali alt\u0131nda bulunan Golan topraklar\u0131nda ya\u015fayan yurtta\u015flar\u0131m\u0131z ve i\u015fgal tutukevlerinde bulunan Golanl\u0131 esirler Suriye Arap Ordusunun 69. Kurulu\u015f Y\u0131ld\u00f6n\u00fcm\u00fcn\u00fc kutlayarak anavatanlar\u0131 Suriye&#8217;nin \u015fanl\u0131 ordusuyla duyduklar\u0131 gururu ifade ettiler.<\/p>\n<p>Bulunduklar\u0131 tutukevlerinin demir parmakl\u0131klar\u0131 arkas\u0131ndan yay\u0131nlad\u0131klar\u0131 ortak bildiride Golanl\u0131 esirlerimiz; Suriye Arap ordusu subay ve askerlerini sayg\u0131 ve sevgiyle selamlayarak; Suriye ordusu askerlerinin pak kanlar\u0131yla \u015fanl\u0131 zafer ve onurlu gelece\u011fin yolunu ayd\u0131nlatt\u0131klar\u0131n\u0131 vurgulad\u0131.<\/p>\n<p>\u0130\u015fgalci Siyonist \u0130srail&#8217;in t\u00fcm dayatma ve bask\u0131lar\u0131na ra\u011fmen anavatanlar\u0131na vefalar\u0131 ve ba\u011fl\u0131l\u0131\u011f\u0131ndan \u00f6d\u00fcn vermelerinin m\u00fcmk\u00fcn olmad\u0131\u011f\u0131n\u0131 ifade eden esirler; Suriye&#8217;nin hakl\u0131 ve onurlu davas\u0131nda mutlaka zafere ula\u015faca\u011f\u0131na inan\u00e7lar\u0131n\u0131 belirtiler.<\/p>\n","protected":false},"excerpt":{"rendered":"<p>GOLAN &#8211;\u00a0 \u0130srail i\u015fgali alt\u0131nda bulunan Golan topraklar\u0131nda ya\u015fayan yurtta\u015flar\u0131m\u0131z ve i\u015fgal tutukevlerinde bulunan Golanl\u0131 esirler Suriye Arap Ordusunun 69. Kurulu\u015f Y\u0131ld\u00f6n\u00fcm\u00fcn\u00fc kutlayarak anavatanlar\u0131 Suriye&#8217;nin \u015fanl\u0131 ordusuyla duyduklar\u0131 gururu ifade ettiler. Bulunduklar\u0131 tutukevlerinin demir parmakl\u0131klar\u0131 arkas\u0131ndan yay\u0131nlad\u0131klar\u0131 ortak bildiride Golanl\u0131 esirlerimiz; Suriye Arap ordusu subay ve askerlerini sayg\u0131 ve sevgiyle selamlayarak; Suriye ordusu askerlerinin pak &hellip;<\/p>\n","protected":false},"author":1,"featured_media":6297,"comment_status":"closed","ping_status":"closed","sticky":false,"template":"","format":"standard","meta":{"footnotes":""},"categories":[479,447,478],"tags":[1394],"class_list":["post-6296","post","type-post","status-publish","format-standard","has-post-thumbnail","","category-haberler-yerel","category-politika","category-yerel","tag-pak-kanlariyla-sanli-zafer-ve-onurlu-gelecegin-yolunu-aydinlatiyorlar"],"_links":{"self":[{"href":"https:\/\/archive.sana.sy\/tr\/index.php?rest_route=\/wp\/v2\/posts\/6296","targetHints":{"allow":["GET"]}}],"collection":[{"href":"https:\/\/archive.sana.sy\/tr\/index.php?rest_route=\/wp\/v2\/posts"}],"about":[{"href":"https:\/\/archive.sana.sy\/tr\/index.php?rest_route=\/wp\/v2\/types\/post"}],"author":[{"embeddable":true,"href":"https:\/\/archive.sana.sy\/tr\/index.php?rest_route=\/wp\/v2\/users\/1"}],"replies":[{"embeddable":true,"href":"https:\/\/archive.sana.sy\/tr\/index.php?rest_route=%2Fwp%2Fv2%2Fcomments&post=6296"}],"version-history":[{"count":0,"href":"https:\/\/archive.sana.sy\/tr\/index.php?rest_route=\/wp\/v2\/posts\/6296\/revisions"}],"wp:featuredmedia":[{"embeddable":true,"href":"https:\/\/archive.sana.sy\/tr\/index.php?rest_route=\/wp\/v2\/media\/6297"}],"wp:attachment":[{"href":"https:\/\/archive.sana.sy\/tr\/index.php?rest_route=%2Fwp%2Fv2%2Fmedia&parent=6296"}],"wp:term":[{"taxonomy":"category","embeddable":true,"href":"https:\/\/archive.sana.sy\/tr\/index.php?rest_route=%2Fwp%2Fv2%2Fcategories&post=6296"},{"taxonomy":"post_tag","embeddable":true,"href":"https:\/\/archive.sana.sy\/tr\/index.php?rest_route=%2Fwp%2Fv2%2Ftags&post=6296"}],"curies":[{"name":"wp","href":"https:\/\/api.w.org\/{rel}","templated":true}]}}