{"id":62967,"date":"2016-02-27T14:30:51","date_gmt":"2016-02-27T12:30:51","guid":{"rendered":"http:\/\/www.sana.sy\/tr\/?p=62967"},"modified":"2016-02-27T14:47:14","modified_gmt":"2016-02-27T12:47:14","slug":"sananin-deyrezzor-muhabiri-isid-tekfircilerinin-bugun-kentin-sivil-yerlesim-alanlarindan-cura-ve-kusur-semtlerini-fuze-ve-roketlerle-gelisiguzel-bir-sekilde-hedef-almalari-sonucunda-3-cocugun","status":"publish","type":"post","link":"https:\/\/archive.sana.sy\/tr\/?p=62967","title":{"rendered":"SANA\u2019n\u0131n Deyrezzor muhabiri I\u015e\u0130D tekfircilerinin bug\u00fcn kentin sivil yerle\u015fim alanlar\u0131ndan Cura ve Kusur semtlerini f\u00fcze ve roketlerle geli\u015fig\u00fczel bir \u015fekilde hedef almalar\u0131 sonucunda 3 \u00e7ocu\u011fun \u015fehit, 12 vatanda\u015f\u0131n da yaral\u0131 d\u00fc\u015ft\u00fcklerini belirtti"},"content":{"rendered":"<p>SANA\u2019n\u0131n Deyrezzor muhabiri I\u015e\u0130D tekfircilerinin bug\u00fcn kentin sivil yerle\u015fim alanlar\u0131ndan Cura ve Kusur semtlerini f\u00fcze ve roketlerle geli\u015fig\u00fczel bir \u015fekilde hedef almalar\u0131 sonucunda 3 \u00e7ocu\u011fun \u015fehit, 12 vatanda\u015f\u0131n da yaral\u0131 d\u00fc\u015ft\u00fcklerini belirtti<\/p>\n","protected":false},"excerpt":{"rendered":"<p>SANA\u2019n\u0131n Deyrezzor muhabiri I\u015e\u0130D tekfircilerinin bug\u00fcn kentin sivil yerle\u015fim alanlar\u0131ndan Cura ve Kusur semtlerini f\u00fcze ve roketlerle geli\u015fig\u00fczel bir \u015fekilde hedef almalar\u0131 sonucunda 3 \u00e7ocu\u011fun \u015fehit, 12 vatanda\u015f\u0131n da yaral\u0131 d\u00fc\u015ft\u00fcklerini belirtti<\/p>\n","protected":false},"author":1,"featured_media":0,"comment_status":"closed","ping_status":"closed","sticky":false,"template":"","format":"standard","meta":{"footnotes":""},"categories":[17991],"tags":[],"class_list":["post-62967","post","type-post","status-publish","format-standard","","category-son-dakika"],"_links":{"self":[{"href":"https:\/\/archive.sana.sy\/tr\/index.php?rest_route=\/wp\/v2\/posts\/62967","targetHints":{"allow":["GET"]}}],"collection":[{"href":"https:\/\/archive.sana.sy\/tr\/index.php?rest_route=\/wp\/v2\/posts"}],"about":[{"href":"https:\/\/archive.sana.sy\/tr\/index.php?rest_route=\/wp\/v2\/types\/post"}],"author":[{"embeddable":true,"href":"https:\/\/archive.sana.sy\/tr\/index.php?rest_route=\/wp\/v2\/users\/1"}],"replies":[{"embeddable":true,"href":"https:\/\/archive.sana.sy\/tr\/index.php?rest_route=%2Fwp%2Fv2%2Fcomments&post=62967"}],"version-history":[{"count":0,"href":"https:\/\/archive.sana.sy\/tr\/index.php?rest_route=\/wp\/v2\/posts\/62967\/revisions"}],"wp:attachment":[{"href":"https:\/\/archive.sana.sy\/tr\/index.php?rest_route=%2Fwp%2Fv2%2Fmedia&parent=62967"}],"wp:term":[{"taxonomy":"category","embeddable":true,"href":"https:\/\/archive.sana.sy\/tr\/index.php?rest_route=%2Fwp%2Fv2%2Fcategories&post=62967"},{"taxonomy":"post_tag","embeddable":true,"href":"https:\/\/archive.sana.sy\/tr\/index.php?rest_route=%2Fwp%2Fv2%2Ftags&post=62967"}],"curies":[{"name":"wp","href":"https:\/\/api.w.org\/{rel}","templated":true}]}}