{"id":62972,"date":"2016-02-27T14:14:30","date_gmt":"2016-02-27T12:14:30","guid":{"rendered":"http:\/\/www.sana.sy\/tr\/?p=62972"},"modified":"2016-02-27T15:19:46","modified_gmt":"2016-02-27T13:19:46","slug":"ordu-ve-silahli-kuvvetler-genel-komutanliginin-bu-gibi-eylemlerin-tehlikesine-karsi-uyarida-bulundugunu-ifade-eden-kaynak-genel-komutanligin-tum-vatandaslari-ulusal-uzlasmalara-dahil-olmaya-cagirdikl","status":"publish","type":"post","link":"https:\/\/archive.sana.sy\/tr\/?p=62972","title":{"rendered":"Ordu ve Silahl\u0131 Kuvvetler Genel Komutanl\u0131\u011f\u0131n\u0131n bu gibi eylemlerin tehlikesine kar\u015f\u0131 uyar\u0131da bulundu\u011funu ifade eden kaynak; Genel Komutanl\u0131\u011f\u0131n t\u00fcm vatanda\u015flar\u0131 ulusal uzla\u015fmalara dahil olmaya \u00e7a\u011f\u0131rd\u0131klar\u0131n\u0131 ifade eden kaynak; vatanda\u015flar\u0131n b\u00fcy\u00fck \u00e7o\u011funlu\u011funun yerel uzla\u015fmalar\u0131n sa\u011flanmas\u0131 ve ter\u00f6r\u00fcn son bulmas\u0131na istekli oldu\u011funa inand\u0131\u011f\u0131n\u0131 kaydetti"},"content":{"rendered":"<p>Ordu ve Silahl\u0131 Kuvvetler Genel Komutanl\u0131\u011f\u0131n\u0131n bu gibi eylemlerin tehlikesine kar\u015f\u0131 uyar\u0131da bulundu\u011funu ifade eden kaynak; Genel Komutanl\u0131\u011f\u0131n t\u00fcm vatanda\u015flar\u0131 ulusal uzla\u015fmalara dahil olmaya \u00e7a\u011f\u0131rd\u0131klar\u0131n\u0131 ifade eden kaynak; vatanda\u015flar\u0131n b\u00fcy\u00fck \u00e7o\u011funlu\u011funun yerel uzla\u015fmalar\u0131n sa\u011flanmas\u0131 ve ter\u00f6r\u00fcn son bulmas\u0131na istekli oldu\u011funa inand\u0131\u011f\u0131n\u0131 kaydetti<\/p>\n","protected":false},"excerpt":{"rendered":"<p>Ordu ve Silahl\u0131 Kuvvetler Genel Komutanl\u0131\u011f\u0131n\u0131n bu gibi eylemlerin tehlikesine kar\u015f\u0131 uyar\u0131da bulundu\u011funu ifade eden kaynak; Genel Komutanl\u0131\u011f\u0131n t\u00fcm vatanda\u015flar\u0131 ulusal uzla\u015fmalara dahil olmaya \u00e7a\u011f\u0131rd\u0131klar\u0131n\u0131 ifade eden kaynak; vatanda\u015flar\u0131n b\u00fcy\u00fck \u00e7o\u011funlu\u011funun yerel uzla\u015fmalar\u0131n sa\u011flanmas\u0131 ve ter\u00f6r\u00fcn son bulmas\u0131na istekli oldu\u011funa inand\u0131\u011f\u0131n\u0131 kaydetti<\/p>\n","protected":false},"author":1,"featured_media":0,"comment_status":"closed","ping_status":"closed","sticky":false,"template":"","format":"standard","meta":{"footnotes":""},"categories":[17991],"tags":[],"class_list":["post-62972","post","type-post","status-publish","format-standard","","category-son-dakika"],"_links":{"self":[{"href":"https:\/\/archive.sana.sy\/tr\/index.php?rest_route=\/wp\/v2\/posts\/62972","targetHints":{"allow":["GET"]}}],"collection":[{"href":"https:\/\/archive.sana.sy\/tr\/index.php?rest_route=\/wp\/v2\/posts"}],"about":[{"href":"https:\/\/archive.sana.sy\/tr\/index.php?rest_route=\/wp\/v2\/types\/post"}],"author":[{"embeddable":true,"href":"https:\/\/archive.sana.sy\/tr\/index.php?rest_route=\/wp\/v2\/users\/1"}],"replies":[{"embeddable":true,"href":"https:\/\/archive.sana.sy\/tr\/index.php?rest_route=%2Fwp%2Fv2%2Fcomments&post=62972"}],"version-history":[{"count":0,"href":"https:\/\/archive.sana.sy\/tr\/index.php?rest_route=\/wp\/v2\/posts\/62972\/revisions"}],"wp:attachment":[{"href":"https:\/\/archive.sana.sy\/tr\/index.php?rest_route=%2Fwp%2Fv2%2Fmedia&parent=62972"}],"wp:term":[{"taxonomy":"category","embeddable":true,"href":"https:\/\/archive.sana.sy\/tr\/index.php?rest_route=%2Fwp%2Fv2%2Fcategories&post=62972"},{"taxonomy":"post_tag","embeddable":true,"href":"https:\/\/archive.sana.sy\/tr\/index.php?rest_route=%2Fwp%2Fv2%2Ftags&post=62972"}],"curies":[{"name":"wp","href":"https:\/\/api.w.org\/{rel}","templated":true}]}}