{"id":63005,"date":"2016-02-27T16:01:52","date_gmt":"2016-02-27T14:01:52","guid":{"rendered":"http:\/\/www.sana.sy\/tr\/?p=63005"},"modified":"2016-02-27T16:23:19","modified_gmt":"2016-02-27T14:23:19","slug":"halep-kentinin-bostan-el-pasa-semtinde-siperlenen-erdogan-cetelerinin-kentin-sivil-yerlesim-alanlarindan-suleyman-el-halebi-semtini-fuzeyle-hedef-aldiklarini-belirten-kaynak-hain-saldirida-bir-kadini","status":"publish","type":"post","link":"https:\/\/archive.sana.sy\/tr\/?p=63005","title":{"rendered":"Halep Kentinin Bostan el Pa\u015fa Semtinde siperlenen Erdo\u011fan \u00e7etelerinin kentin sivil yerle\u015fim alanlar\u0131ndan S\u00fcleyman el Halebi Semtini f\u00fczeyle hedef ald\u0131klar\u0131n\u0131 belirten kaynak, hain sald\u0131r\u0131da bir kad\u0131n\u0131n yaraland\u0131\u011f\u0131n\u0131 belirtti."},"content":{"rendered":"<p>Halep Kentinin Bostan el Pa\u015fa Semtinde siperlenen Erdo\u011fan \u00e7etelerinin kentin sivil yerle\u015fim alanlar\u0131ndan S\u00fcleyman el Halebi Semtini f\u00fczeyle hedef ald\u0131klar\u0131n\u0131 belirten kaynak, hain sald\u0131r\u0131da bir kad\u0131n\u0131n yaraland\u0131\u011f\u0131n\u0131 belirtti.<\/p>\n","protected":false},"excerpt":{"rendered":"<p>Halep Kentinin Bostan el Pa\u015fa Semtinde siperlenen Erdo\u011fan \u00e7etelerinin kentin sivil yerle\u015fim alanlar\u0131ndan S\u00fcleyman el Halebi Semtini f\u00fczeyle hedef ald\u0131klar\u0131n\u0131 belirten kaynak, hain sald\u0131r\u0131da bir kad\u0131n\u0131n yaraland\u0131\u011f\u0131n\u0131 belirtti.<\/p>\n","protected":false},"author":1,"featured_media":0,"comment_status":"closed","ping_status":"closed","sticky":false,"template":"","format":"standard","meta":{"footnotes":""},"categories":[17991],"tags":[],"class_list":["post-63005","post","type-post","status-publish","format-standard","","category-son-dakika"],"_links":{"self":[{"href":"https:\/\/archive.sana.sy\/tr\/index.php?rest_route=\/wp\/v2\/posts\/63005","targetHints":{"allow":["GET"]}}],"collection":[{"href":"https:\/\/archive.sana.sy\/tr\/index.php?rest_route=\/wp\/v2\/posts"}],"about":[{"href":"https:\/\/archive.sana.sy\/tr\/index.php?rest_route=\/wp\/v2\/types\/post"}],"author":[{"embeddable":true,"href":"https:\/\/archive.sana.sy\/tr\/index.php?rest_route=\/wp\/v2\/users\/1"}],"replies":[{"embeddable":true,"href":"https:\/\/archive.sana.sy\/tr\/index.php?rest_route=%2Fwp%2Fv2%2Fcomments&post=63005"}],"version-history":[{"count":0,"href":"https:\/\/archive.sana.sy\/tr\/index.php?rest_route=\/wp\/v2\/posts\/63005\/revisions"}],"wp:attachment":[{"href":"https:\/\/archive.sana.sy\/tr\/index.php?rest_route=%2Fwp%2Fv2%2Fmedia&parent=63005"}],"wp:term":[{"taxonomy":"category","embeddable":true,"href":"https:\/\/archive.sana.sy\/tr\/index.php?rest_route=%2Fwp%2Fv2%2Fcategories&post=63005"},{"taxonomy":"post_tag","embeddable":true,"href":"https:\/\/archive.sana.sy\/tr\/index.php?rest_route=%2Fwp%2Fv2%2Ftags&post=63005"}],"curies":[{"name":"wp","href":"https:\/\/api.w.org\/{rel}","templated":true}]}}