{"id":63019,"date":"2016-02-27T19:27:14","date_gmt":"2016-02-27T17:27:14","guid":{"rendered":"http:\/\/www.sana.sy\/tr\/?p=63019"},"modified":"2016-02-28T12:52:41","modified_gmt":"2016-02-28T10:52:41","slug":"cokuluslu-ve-hain-teroristlerin-agir-kayiplari-suruyor-2","status":"publish","type":"post","link":"https:\/\/archive.sana.sy\/tr\/?p=63019","title":{"rendered":"\u00c7okuluslu ve Hain Ter\u00f6ristlerin A\u011f\u0131r Kay\u0131plar\u0131 S\u00fcr\u00fcyor"},"content":{"rendered":"<p>\u0130LLER \u2013 Kahraman ordu birliklerimizin silahl\u0131 ter\u00f6r \u00f6rg\u00fctlere y\u00f6nelik muhtelif b\u00f6lgelerde s\u00fcrd\u00fcrd\u00fc\u011f\u00fc operasyonlarda b\u00fcy\u00fck ba\u015far\u0131lar elde ederken ter\u00f6ristlerin say\u0131, silah ve cephane a\u00e7\u0131s\u0131ndan a\u011f\u0131r kay\u0131plar\u0131 da devam ediyor.<\/p>\n<p><span style=\"color: #0000ff\">HAMA:<\/span><\/p>\n<p>SANA\u2019ya a\u00e7\u0131klama yapan askeri kaynak; ordu birliklerimizin Hama \u0130line tabi Selemiye k\u0131rsal\u0131n\u0131n do\u011fusu Mufakkir K\u00f6y\u00fcn\u00fcn \u00e7evresindeki askeri bir noktaya ula\u015fmadan \u00f6nce b\u00fcy\u00fck miktarda patlay\u0131c\u0131yla haz\u0131rlanan ve I\u015e\u0130D\u2019li intihar eylemcisinin kulland\u0131\u011f\u0131 bombal\u0131 bir arac\u0131 imha ettiklerini ifade etti.<\/p>\n","protected":false},"excerpt":{"rendered":"<p>\u0130LLER \u2013 Kahraman ordu birliklerimizin silahl\u0131 ter\u00f6r \u00f6rg\u00fctlere y\u00f6nelik muhtelif b\u00f6lgelerde s\u00fcrd\u00fcrd\u00fc\u011f\u00fc operasyonlarda b\u00fcy\u00fck ba\u015far\u0131lar elde ederken ter\u00f6ristlerin say\u0131, silah ve cephane a\u00e7\u0131s\u0131ndan a\u011f\u0131r kay\u0131plar\u0131 da devam ediyor. HAMA: SANA\u2019ya a\u00e7\u0131klama yapan askeri kaynak; ordu birliklerimizin Hama \u0130line tabi Selemiye k\u0131rsal\u0131n\u0131n do\u011fusu Mufakkir K\u00f6y\u00fcn\u00fcn \u00e7evresindeki askeri bir noktaya ula\u015fmadan \u00f6nce b\u00fcy\u00fck miktarda patlay\u0131c\u0131yla haz\u0131rlanan ve &hellip;<\/p>\n","protected":false},"author":1,"featured_media":63020,"comment_status":"closed","ping_status":"closed","sticky":false,"template":"","format":"standard","meta":{"footnotes":""},"categories":[575],"tags":[],"class_list":["post-63019","post","type-post","status-publish","format-standard","has-post-thumbnail","","category-olaylar-ve-gercekler"],"_links":{"self":[{"href":"https:\/\/archive.sana.sy\/tr\/index.php?rest_route=\/wp\/v2\/posts\/63019","targetHints":{"allow":["GET"]}}],"collection":[{"href":"https:\/\/archive.sana.sy\/tr\/index.php?rest_route=\/wp\/v2\/posts"}],"about":[{"href":"https:\/\/archive.sana.sy\/tr\/index.php?rest_route=\/wp\/v2\/types\/post"}],"author":[{"embeddable":true,"href":"https:\/\/archive.sana.sy\/tr\/index.php?rest_route=\/wp\/v2\/users\/1"}],"replies":[{"embeddable":true,"href":"https:\/\/archive.sana.sy\/tr\/index.php?rest_route=%2Fwp%2Fv2%2Fcomments&post=63019"}],"version-history":[{"count":0,"href":"https:\/\/archive.sana.sy\/tr\/index.php?rest_route=\/wp\/v2\/posts\/63019\/revisions"}],"wp:featuredmedia":[{"embeddable":true,"href":"https:\/\/archive.sana.sy\/tr\/index.php?rest_route=\/wp\/v2\/media\/63020"}],"wp:attachment":[{"href":"https:\/\/archive.sana.sy\/tr\/index.php?rest_route=%2Fwp%2Fv2%2Fmedia&parent=63019"}],"wp:term":[{"taxonomy":"category","embeddable":true,"href":"https:\/\/archive.sana.sy\/tr\/index.php?rest_route=%2Fwp%2Fv2%2Fcategories&post=63019"},{"taxonomy":"post_tag","embeddable":true,"href":"https:\/\/archive.sana.sy\/tr\/index.php?rest_route=%2Fwp%2Fv2%2Ftags&post=63019"}],"curies":[{"name":"wp","href":"https:\/\/api.w.org\/{rel}","templated":true}]}}