{"id":63024,"date":"2016-02-27T12:30:05","date_gmt":"2016-02-27T10:30:05","guid":{"rendered":"http:\/\/www.sana.sy\/tr\/?p=63024"},"modified":"2016-02-29T15:03:43","modified_gmt":"2016-02-29T13:03:43","slug":"secim-tarihi-anayasa-kapsaminda-belirlendi","status":"publish","type":"post","link":"https:\/\/archive.sana.sy\/tr\/?p=63024","title":{"rendered":"Se\u00e7im Tarihi Anayasa Kapsam\u0131nda Belirlendi"},"content":{"rendered":"<p>MOSKOVA \u2013 Cumhurba\u015fkanl\u0131\u011f\u0131nda Siyasi ve Bas\u0131n Dan\u0131\u015fman\u0131 B\u00fcseyna \u015eaban Halk Meclisi se\u00e7imlerinin 13 Nisan tarihinde belirlenmesinin olduk\u00e7a uygun oldu\u011funu belirtti.<\/p>\n<p>\u015eaban Rus Subotu TV\u2019nin Vesti Program\u0131nda yapt\u0131\u011f\u0131 ve Sputnik Ajans\u0131n\u0131n aktard\u0131\u011f\u0131 a\u00e7\u0131klamalar\u0131nda; se\u00e7im tarihinin Suriye anayasas\u0131na uygun bir \u015fekilde belirlendi\u011fine dikkat \u00e7ekerken, bu se\u00e7imlerin anayasa taraf\u0131ndan organize edildi\u011fini s\u00f6yledi. Anayasans\u0131n da meclis se\u00e7imlerinin Nisan 2016\u2019\u0131n\u0131n ilk yar\u0131s\u0131 sona ermeden \u00f6nce d\u00fczenlenmesini gerekli k\u0131ld\u0131\u011f\u0131na vurgu yapan \u015eaban; \u00fclkenin kanunlarla uyumlu olarak normal bir \u015fekilde ya\u015famas\u0131 gerekti\u011fini ifade etti.<\/p>\n","protected":false},"excerpt":{"rendered":"<p>MOSKOVA \u2013 Cumhurba\u015fkanl\u0131\u011f\u0131nda Siyasi ve Bas\u0131n Dan\u0131\u015fman\u0131 B\u00fcseyna \u015eaban Halk Meclisi se\u00e7imlerinin 13 Nisan tarihinde belirlenmesinin olduk\u00e7a uygun oldu\u011funu belirtti. \u015eaban Rus Subotu TV\u2019nin Vesti Program\u0131nda yapt\u0131\u011f\u0131 ve Sputnik Ajans\u0131n\u0131n aktard\u0131\u011f\u0131 a\u00e7\u0131klamalar\u0131nda; se\u00e7im tarihinin Suriye anayasas\u0131na uygun bir \u015fekilde belirlendi\u011fine dikkat \u00e7ekerken, bu se\u00e7imlerin anayasa taraf\u0131ndan organize edildi\u011fini s\u00f6yledi. Anayasans\u0131n da meclis se\u00e7imlerinin Nisan 2016\u2019\u0131n\u0131n &hellip;<\/p>\n","protected":false},"author":1,"featured_media":48527,"comment_status":"closed","ping_status":"closed","sticky":false,"template":"","format":"standard","meta":{"footnotes":""},"categories":[458,459,17988],"tags":[19531],"class_list":["post-63024","post","type-post","status-publish","format-standard","has-post-thumbnail","","category-dunya1","category-haberler-arap-uluslararasi-politika","category-son-haberler","tag-secim-tarihi-anayasa-kapsaminda-belirlendi"],"_links":{"self":[{"href":"https:\/\/archive.sana.sy\/tr\/index.php?rest_route=\/wp\/v2\/posts\/63024","targetHints":{"allow":["GET"]}}],"collection":[{"href":"https:\/\/archive.sana.sy\/tr\/index.php?rest_route=\/wp\/v2\/posts"}],"about":[{"href":"https:\/\/archive.sana.sy\/tr\/index.php?rest_route=\/wp\/v2\/types\/post"}],"author":[{"embeddable":true,"href":"https:\/\/archive.sana.sy\/tr\/index.php?rest_route=\/wp\/v2\/users\/1"}],"replies":[{"embeddable":true,"href":"https:\/\/archive.sana.sy\/tr\/index.php?rest_route=%2Fwp%2Fv2%2Fcomments&post=63024"}],"version-history":[{"count":0,"href":"https:\/\/archive.sana.sy\/tr\/index.php?rest_route=\/wp\/v2\/posts\/63024\/revisions"}],"wp:featuredmedia":[{"embeddable":true,"href":"https:\/\/archive.sana.sy\/tr\/index.php?rest_route=\/wp\/v2\/media\/48527"}],"wp:attachment":[{"href":"https:\/\/archive.sana.sy\/tr\/index.php?rest_route=%2Fwp%2Fv2%2Fmedia&parent=63024"}],"wp:term":[{"taxonomy":"category","embeddable":true,"href":"https:\/\/archive.sana.sy\/tr\/index.php?rest_route=%2Fwp%2Fv2%2Fcategories&post=63024"},{"taxonomy":"post_tag","embeddable":true,"href":"https:\/\/archive.sana.sy\/tr\/index.php?rest_route=%2Fwp%2Fv2%2Ftags&post=63024"}],"curies":[{"name":"wp","href":"https:\/\/api.w.org\/{rel}","templated":true}]}}