{"id":63027,"date":"2016-02-27T19:08:47","date_gmt":"2016-02-27T17:08:47","guid":{"rendered":"http:\/\/www.sana.sy\/tr\/?p=63027"},"modified":"2016-02-29T15:02:37","modified_gmt":"2016-02-29T13:02:37","slug":"anlasma-isiginda-gelismeleri-masaya-yatirdilar","status":"publish","type":"post","link":"https:\/\/archive.sana.sy\/tr\/?p=63027","title":{"rendered":"Anla\u015fma I\u015f\u0131\u011f\u0131nda Geli\u015fmeleri Masaya Yat\u0131rd\u0131lar"},"content":{"rendered":"<p>MOSKOVA \u2013 Rusya Ba\u015fkan\u0131n\u0131n Ortado\u011fu \u00d6zel Temsilcisi ve D\u0131\u015fi\u015fleri Bakan\u0131 Yard\u0131mc\u0131s\u0131 Mikhail Bogdanov ve Cumhurba\u015fkanl\u0131\u011f\u0131nda Siyasi ve Bas\u0131n Dan\u0131\u015fman\u0131 B\u00fcseyna \u015eaban bug\u00fcn Moskova&#8217;da; Suriye&#8217;de \u00e7at\u0131\u015fmalar\u0131 durdurma anla\u015fmas\u0131n\u0131n hedeflerini hayata ge\u00e7irme \u0131\u015f\u0131\u011f\u0131nda Suriye ve civar\u0131ndaki son durumlar\u0131 masaya yat\u0131rd\u0131.<\/p>\n<p>Rusya D\u0131\u015fi\u015fleri Bakanl\u0131\u011f\u0131 yay\u0131nlad\u0131\u011f\u0131 beyanda iki taraf\u0131n anla\u015fman\u0131n hedeflerini hayata ge\u00e7irme \u0131\u015f\u0131\u011f\u0131nda Suriye ve civar\u0131ndaki durum ve geli\u015fmeleri t\u00fcm ayr\u0131nt\u0131lar\u0131yla masaya yat\u0131rd\u0131klar\u0131n\u0131 ifade etti.<\/p>\n<p>Beyanda \u015eaban\u2019\u0131n Suriye&#8217;nin Rusya ve ABD\u2019nin ortak beyan\u0131 \u00e7er\u00e7evesinde \u00e7at\u0131\u015fmalar\u0131 durdurma anla\u015fmas\u0131na tamamen ba\u011fl\u0131 kalaca\u011f\u0131n\u0131, Suriye&#8217;nin her b\u00f6lgesine insani yard\u0131mlar\u0131n ula\u015ft\u0131r\u0131lmas\u0131 \u00f6zenini de s\u00fcrd\u00fcrece\u011fini bir kez daha belirtti\u011fi ifade edildi.<\/p>\n<p>G\u00f6r\u00fc\u015fmede iki taraf anla\u015fmay\u0131 hayata ge\u00e7irmekle birlikte BM G\u00fcvenlik Konseyinin 2254 say\u0131l\u0131 karar\u0131 \u00e7evresinde ter\u00f6re kar\u015f\u0131 m\u00fccadeleyi aral\u0131ks\u0131z ve amans\u0131z bir \u015fekilde s\u00fcrd\u00fcrmenin krizin siyasi \u00e7\u00f6z\u00fcm s\u00fcrecine olumlu yans\u0131yaca\u011f\u0131 konusunda g\u00f6r\u00fc\u015f birli\u011fi sa\u011flad\u0131.<\/p>\n","protected":false},"excerpt":{"rendered":"<p>MOSKOVA \u2013 Rusya Ba\u015fkan\u0131n\u0131n Ortado\u011fu \u00d6zel Temsilcisi ve D\u0131\u015fi\u015fleri Bakan\u0131 Yard\u0131mc\u0131s\u0131 Mikhail Bogdanov ve Cumhurba\u015fkanl\u0131\u011f\u0131nda Siyasi ve Bas\u0131n Dan\u0131\u015fman\u0131 B\u00fcseyna \u015eaban bug\u00fcn Moskova&#8217;da; Suriye&#8217;de \u00e7at\u0131\u015fmalar\u0131 durdurma anla\u015fmas\u0131n\u0131n hedeflerini hayata ge\u00e7irme \u0131\u015f\u0131\u011f\u0131nda Suriye ve civar\u0131ndaki son durumlar\u0131 masaya yat\u0131rd\u0131. Rusya D\u0131\u015fi\u015fleri Bakanl\u0131\u011f\u0131 yay\u0131nlad\u0131\u011f\u0131 beyanda iki taraf\u0131n anla\u015fman\u0131n hedeflerini hayata ge\u00e7irme \u0131\u015f\u0131\u011f\u0131nda Suriye ve civar\u0131ndaki durum ve &hellip;<\/p>\n","protected":false},"author":1,"featured_media":63029,"comment_status":"closed","ping_status":"closed","sticky":false,"template":"","format":"standard","meta":{"footnotes":""},"categories":[458,459,17988],"tags":[],"class_list":["post-63027","post","type-post","status-publish","format-standard","has-post-thumbnail","","category-dunya1","category-haberler-arap-uluslararasi-politika","category-son-haberler"],"_links":{"self":[{"href":"https:\/\/archive.sana.sy\/tr\/index.php?rest_route=\/wp\/v2\/posts\/63027","targetHints":{"allow":["GET"]}}],"collection":[{"href":"https:\/\/archive.sana.sy\/tr\/index.php?rest_route=\/wp\/v2\/posts"}],"about":[{"href":"https:\/\/archive.sana.sy\/tr\/index.php?rest_route=\/wp\/v2\/types\/post"}],"author":[{"embeddable":true,"href":"https:\/\/archive.sana.sy\/tr\/index.php?rest_route=\/wp\/v2\/users\/1"}],"replies":[{"embeddable":true,"href":"https:\/\/archive.sana.sy\/tr\/index.php?rest_route=%2Fwp%2Fv2%2Fcomments&post=63027"}],"version-history":[{"count":0,"href":"https:\/\/archive.sana.sy\/tr\/index.php?rest_route=\/wp\/v2\/posts\/63027\/revisions"}],"wp:featuredmedia":[{"embeddable":true,"href":"https:\/\/archive.sana.sy\/tr\/index.php?rest_route=\/wp\/v2\/media\/63029"}],"wp:attachment":[{"href":"https:\/\/archive.sana.sy\/tr\/index.php?rest_route=%2Fwp%2Fv2%2Fmedia&parent=63027"}],"wp:term":[{"taxonomy":"category","embeddable":true,"href":"https:\/\/archive.sana.sy\/tr\/index.php?rest_route=%2Fwp%2Fv2%2Fcategories&post=63027"},{"taxonomy":"post_tag","embeddable":true,"href":"https:\/\/archive.sana.sy\/tr\/index.php?rest_route=%2Fwp%2Fv2%2Ftags&post=63027"}],"curies":[{"name":"wp","href":"https:\/\/api.w.org\/{rel}","templated":true}]}}