{"id":63031,"date":"2016-02-28T11:18:12","date_gmt":"2016-02-28T09:18:12","guid":{"rendered":"http:\/\/www.sana.sy\/tr\/?p=63031"},"modified":"2016-02-28T11:18:12","modified_gmt":"2016-02-28T09:18:12","slug":"barolar-birliginden-secme-ve-secilme-faaliyetlerine-aktif-katilim-cagrisi","status":"publish","type":"post","link":"https:\/\/archive.sana.sy\/tr\/?p=63031","title":{"rendered":"Barolar Birli\u011finden Se\u00e7me ve Se\u00e7ilme Faaliyetlerine Aktif Kat\u0131l\u0131m \u00c7a\u011fr\u0131s\u0131"},"content":{"rendered":"<p>\u015eAM \u2013 Barolar Birli\u011fi; d\u00fcn b\u00fct\u00fcn vatanda\u015flara \u0130kinci Yasama D\u00f6nemi Halk Meclisi \u00dcyeleri se\u00e7imlerine \u201cse\u00e7me-se\u00e7ilme\u201d ayr\u0131m\u0131 yapmaks\u0131z\u0131n b\u00fct\u00fcn alanlarda aktif bir \u015fekilde kat\u0131lma \u00e7a\u011fr\u0131s\u0131 yaparak se\u00e7imlerin halk\u0131n kendi karar\u0131n\u0131 kendisinin belirlemesi y\u00f6n\u00fcyle b\u00fcy\u00fck bir \u00f6nem ta\u015f\u0131d\u0131\u011f\u0131n\u0131 belirtti.<\/p>\n<p>Barolar Birli\u011fi d\u00fcn yay\u0131nlad\u0131\u011f\u0131 ve bir n\u00fcshas\u0131 SANA\u2019ya ula\u015ft\u0131r\u0131lan beyan\u0131nda; Suriye\u2019nin, maruz kald\u0131\u011f\u0131 ter\u00f6r sava\u015f\u0131 ve b\u00fct\u00fcn yapt\u0131r\u0131mlara ra\u011fmen Arap ulusunun karar merkezi ve Siyonist projelere kar\u015f\u0131 direni\u015f\u00e7i bir devlet olarak varl\u0131\u011f\u0131n\u0131 s\u00fcrd\u00fcrece\u011fini b\u00fct\u00fcn d\u00fcnyaya yeniden ilan etti\u011finin alt\u0131n\u0131 \u00e7izdi.<\/p>\n<p>Di\u011fer taraftan Halep Barosu Ba\u015fkan\u0131 Salim Kerim SANA muhabirine yapt\u0131\u011f\u0131 a\u00e7\u0131klamada Halk Meclisi \u00dcyeleri se\u00e7imlerinin daha \u00f6nce belirlenmi\u015f olan tarihte yap\u0131lmas\u0131n\u0131n Suriye devletinin b\u00fct\u00fcn kurum ve kurulu\u015flar\u0131yla birlikte dimdik ayakta oldu\u011funun kan\u0131t\u0131 olmakla birlikte ter\u00f6r ve destek\u00e7ilerine kar\u015f\u0131 b\u00fcy\u00fck bir zafer te\u015fkil etti\u011fini dile getirdi.<\/p>\n<p>F.B. &#8211; R.H.<\/p>\n","protected":false},"excerpt":{"rendered":"<p>\u015eAM \u2013 Barolar Birli\u011fi; d\u00fcn b\u00fct\u00fcn vatanda\u015flara \u0130kinci Yasama D\u00f6nemi Halk Meclisi \u00dcyeleri se\u00e7imlerine \u201cse\u00e7me-se\u00e7ilme\u201d ayr\u0131m\u0131 yapmaks\u0131z\u0131n b\u00fct\u00fcn alanlarda aktif bir \u015fekilde kat\u0131lma \u00e7a\u011fr\u0131s\u0131 yaparak se\u00e7imlerin halk\u0131n kendi karar\u0131n\u0131 kendisinin belirlemesi y\u00f6n\u00fcyle b\u00fcy\u00fck bir \u00f6nem ta\u015f\u0131d\u0131\u011f\u0131n\u0131 belirtti. Barolar Birli\u011fi d\u00fcn yay\u0131nlad\u0131\u011f\u0131 ve bir n\u00fcshas\u0131 SANA\u2019ya ula\u015ft\u0131r\u0131lan beyan\u0131nda; Suriye\u2019nin, maruz kald\u0131\u011f\u0131 ter\u00f6r sava\u015f\u0131 ve b\u00fct\u00fcn yapt\u0131r\u0131mlara &hellip;<\/p>\n","protected":false},"author":1,"featured_media":63032,"comment_status":"closed","ping_status":"closed","sticky":false,"template":"","format":"standard","meta":{"footnotes":""},"categories":[479,17988,478],"tags":[19533,19532],"class_list":["post-63031","post","type-post","status-publish","format-standard","has-post-thumbnail","","category-haberler-yerel","category-son-haberler","category-yerel","tag-barolar-birligi","tag-barolar-birliginden-secme-ve-secilme-faaliyetlerine-aktif-katilim-cagrisi"],"_links":{"self":[{"href":"https:\/\/archive.sana.sy\/tr\/index.php?rest_route=\/wp\/v2\/posts\/63031","targetHints":{"allow":["GET"]}}],"collection":[{"href":"https:\/\/archive.sana.sy\/tr\/index.php?rest_route=\/wp\/v2\/posts"}],"about":[{"href":"https:\/\/archive.sana.sy\/tr\/index.php?rest_route=\/wp\/v2\/types\/post"}],"author":[{"embeddable":true,"href":"https:\/\/archive.sana.sy\/tr\/index.php?rest_route=\/wp\/v2\/users\/1"}],"replies":[{"embeddable":true,"href":"https:\/\/archive.sana.sy\/tr\/index.php?rest_route=%2Fwp%2Fv2%2Fcomments&post=63031"}],"version-history":[{"count":0,"href":"https:\/\/archive.sana.sy\/tr\/index.php?rest_route=\/wp\/v2\/posts\/63031\/revisions"}],"wp:featuredmedia":[{"embeddable":true,"href":"https:\/\/archive.sana.sy\/tr\/index.php?rest_route=\/wp\/v2\/media\/63032"}],"wp:attachment":[{"href":"https:\/\/archive.sana.sy\/tr\/index.php?rest_route=%2Fwp%2Fv2%2Fmedia&parent=63031"}],"wp:term":[{"taxonomy":"category","embeddable":true,"href":"https:\/\/archive.sana.sy\/tr\/index.php?rest_route=%2Fwp%2Fv2%2Fcategories&post=63031"},{"taxonomy":"post_tag","embeddable":true,"href":"https:\/\/archive.sana.sy\/tr\/index.php?rest_route=%2Fwp%2Fv2%2Ftags&post=63031"}],"curies":[{"name":"wp","href":"https:\/\/api.w.org\/{rel}","templated":true}]}}