{"id":63042,"date":"2016-02-28T11:45:13","date_gmt":"2016-02-28T09:45:13","guid":{"rendered":"http:\/\/www.sana.sy\/tr\/?p=63042"},"modified":"2016-02-29T14:59:28","modified_gmt":"2016-02-29T12:59:28","slug":"yuksek-sayida-aday-olmasi-secmenin-istedigi-adayi-secme-olanagini-arttiracaktir","status":"publish","type":"post","link":"https:\/\/archive.sana.sy\/tr\/?p=63042","title":{"rendered":"Y\u00fcksek Say\u0131da Aday Olmas\u0131 Se\u00e7menin \u0130stedi\u011fi Aday\u0131 Se\u00e7me Olana\u011f\u0131n\u0131 Artt\u0131racakt\u0131r"},"content":{"rendered":"<p>\u0130LLER \u2013 Anayasa kapsam\u0131nda 13 Nisan tarihinde yap\u0131lacak Halk Meclisi se\u00e7imlerine haz\u0131rl\u0131k \u00e7al\u0131\u015fmalar\u0131n\u0131 s\u00fcrd\u00fcren Milletvekili Adayl\u0131k Ba\u015fvuru Komiteleri \u00e7al\u0131\u015fmalar\u0131n\u0131n d\u00f6rd\u00fcnc\u00fc g\u00fcn\u00fc d\u00fcn 967 ba\u015fvuru talebiyle noktalad\u0131.<\/p>\n<p>Se\u00e7im Y\u00fcksek Yarg\u0131 Komisyonu d\u00fcn yapt\u0131\u011f\u0131 bas\u0131n a\u00e7\u0131klamas\u0131nda d\u00fcn ak\u015fam itibar\u0131yla Halk Meclisi \u00fcyeli\u011fine 967 adayl\u0131k ba\u015fvurusunun yap\u0131ld\u0131\u011f\u0131n\u0131 a\u00e7\u0131klad\u0131. Komisyon milletvekili adayl\u0131k ba\u015fvurular\u0131n\u0131n illere g\u00f6re da\u011f\u0131l\u0131m\u0131n\u0131 a\u00e7\u0131klarken \u015eam\u2019dan 125, \u015eam k\u0131rsal\u0131ndan 76, Halep\u2019ten 105, Halep k\u0131rsal\u0131ndan 73, \u0130dlib\u2019ten 44, Homs\u2019tan 155, Hama\u2019dan 6, Lazkiye 98, Tartus\u2019tan 42, Deyrezzor\u2019dan 44, Haseke\u2019den 54, Rakka\u2019dan 32, Dera\u2019dan 34, S\u00fcveyda\u2019dan 7 ve Kunaytra\u2019dan 12 ba\u015fvurunun yap\u0131ld\u0131\u011f\u0131n\u0131 ifade etti.<\/p>\n<p>Komisyon Ba\u015fkan\u0131 Hi\u015fam el \u015eear SANA\u2019ya yapt\u0131\u011f\u0131 a\u00e7\u0131klamada adayl\u0131k ba\u015fvurular\u0131na b\u00fcy\u00fck bir ilginin g\u00f6sterildi\u011fine dikkat \u00e7ekti. \u015eear aday say\u0131s\u0131n\u0131n y\u00fcksek olmas\u0131n\u0131n olumlulu\u011funa i\u015faret ederken, y\u00fcksek say\u0131da aday olmas\u0131n\u0131n halk\u0131n \u00f6n\u00fcndeki se\u00e7enekleri artt\u0131raca\u011f\u0131n\u0131 ve istedikleri aday\u0131 se\u00e7me f\u0131rsat\u0131 verece\u011fini belirtti.<\/p>\n<p>Bu arada Halk Meclisi se\u00e7imleri i\u00e7in milletvekili adayl\u0131k ba\u015fvurular\u0131n\u0131n hafta sonu tatili Cuma ve Cumartesi g\u00fcnleri dahil herg\u00fcn saat 08:00\u2019dan saat 20:00\u2019a dek 1 Mart tarihine dek devam edecek.<\/p>\n","protected":false},"excerpt":{"rendered":"<p>\u0130LLER \u2013 Anayasa kapsam\u0131nda 13 Nisan tarihinde yap\u0131lacak Halk Meclisi se\u00e7imlerine haz\u0131rl\u0131k \u00e7al\u0131\u015fmalar\u0131n\u0131 s\u00fcrd\u00fcren Milletvekili Adayl\u0131k Ba\u015fvuru Komiteleri \u00e7al\u0131\u015fmalar\u0131n\u0131n d\u00f6rd\u00fcnc\u00fc g\u00fcn\u00fc d\u00fcn 967 ba\u015fvuru talebiyle noktalad\u0131. Se\u00e7im Y\u00fcksek Yarg\u0131 Komisyonu d\u00fcn yapt\u0131\u011f\u0131 bas\u0131n a\u00e7\u0131klamas\u0131nda d\u00fcn ak\u015fam itibar\u0131yla Halk Meclisi \u00fcyeli\u011fine 967 adayl\u0131k ba\u015fvurusunun yap\u0131ld\u0131\u011f\u0131n\u0131 a\u00e7\u0131klad\u0131. Komisyon milletvekili adayl\u0131k ba\u015fvurular\u0131n\u0131n illere g\u00f6re da\u011f\u0131l\u0131m\u0131n\u0131 a\u00e7\u0131klarken \u015eam\u2019dan 125, &hellip;<\/p>\n","protected":false},"author":1,"featured_media":63072,"comment_status":"closed","ping_status":"closed","sticky":false,"template":"","format":"standard","meta":{"footnotes":""},"categories":[479,17988,478],"tags":[19547,19549,19548,19546],"class_list":["post-63042","post","type-post","status-publish","format-standard","has-post-thumbnail","","category-haberler-yerel","category-son-haberler","category-yerel","tag-halk-meclisi-secimleri","tag-milletvekili-adayi","tag-parlamento-secimleri","tag-yuksek-sayida-aday-olmasi-secmenin-istedigi-adayi-secme-olanagini-arttiracaktir"],"_links":{"self":[{"href":"https:\/\/archive.sana.sy\/tr\/index.php?rest_route=\/wp\/v2\/posts\/63042","targetHints":{"allow":["GET"]}}],"collection":[{"href":"https:\/\/archive.sana.sy\/tr\/index.php?rest_route=\/wp\/v2\/posts"}],"about":[{"href":"https:\/\/archive.sana.sy\/tr\/index.php?rest_route=\/wp\/v2\/types\/post"}],"author":[{"embeddable":true,"href":"https:\/\/archive.sana.sy\/tr\/index.php?rest_route=\/wp\/v2\/users\/1"}],"replies":[{"embeddable":true,"href":"https:\/\/archive.sana.sy\/tr\/index.php?rest_route=%2Fwp%2Fv2%2Fcomments&post=63042"}],"version-history":[{"count":0,"href":"https:\/\/archive.sana.sy\/tr\/index.php?rest_route=\/wp\/v2\/posts\/63042\/revisions"}],"wp:featuredmedia":[{"embeddable":true,"href":"https:\/\/archive.sana.sy\/tr\/index.php?rest_route=\/wp\/v2\/media\/63072"}],"wp:attachment":[{"href":"https:\/\/archive.sana.sy\/tr\/index.php?rest_route=%2Fwp%2Fv2%2Fmedia&parent=63042"}],"wp:term":[{"taxonomy":"category","embeddable":true,"href":"https:\/\/archive.sana.sy\/tr\/index.php?rest_route=%2Fwp%2Fv2%2Fcategories&post=63042"},{"taxonomy":"post_tag","embeddable":true,"href":"https:\/\/archive.sana.sy\/tr\/index.php?rest_route=%2Fwp%2Fv2%2Ftags&post=63042"}],"curies":[{"name":"wp","href":"https:\/\/api.w.org\/{rel}","templated":true}]}}