{"id":63059,"date":"2016-02-28T11:12:51","date_gmt":"2016-02-28T09:12:51","guid":{"rendered":"http:\/\/www.sana.sy\/tr\/?p=63059"},"modified":"2016-02-28T16:22:58","modified_gmt":"2016-02-28T14:22:58","slug":"milli-sporcumuz-gumus-madalya-kazandi","status":"publish","type":"post","link":"https:\/\/archive.sana.sy\/tr\/?p=63059","title":{"rendered":"Milli Sporcumuz G\u00fcm\u00fc\u015f Madalya Kazand\u0131"},"content":{"rendered":"<p>\u015eAM \u2013 Milli karate tak\u0131m\u0131m\u0131z\u0131n sporcular\u0131ndan Muna \u015ehayber M\u0131s\u0131r\u2019\u0131n \u015eerem el \u015eeyh Kentinde d\u00fczenlenen D\u00fcnya Karate \u015eampiyonas\u0131nda 61 kg alt\u0131nda kat\u0131ld\u0131\u011f\u0131 yar\u0131\u015fmalarda ikincili\u011fi kazanarak g\u00fcm\u00fc\u015f madalya ald\u0131.<\/p>\n<p>Suriye Karate Birli\u011fi Ba\u015fkan\u0131 Cihat Meyya; birli\u011fin uluslar aras\u0131 d\u00fczeyde bu y\u0131l ilk kat\u0131l\u0131m\u0131 oldu\u011funa i\u015faret ederken milli sporcumuz \u015ehayber\u2019in bu ba\u015far\u0131s\u0131n\u0131n ciddi bir takdire \u015fayan oldu\u011funu s\u00f6yledi. Meyya Suriye ekibinde uluslar aras\u0131 d\u00fczeyde ilk kez kat\u0131l\u0131m g\u00f6steren ba\u015far\u0131l\u0131 sporcular\u0131m\u0131z\u0131n bulundu\u011funa dikkat \u00e7ekerken Rafet el \u015eeyh Ali ve \u015ehayber\u2019in bunlar\u0131n aras\u0131nda oldu\u011funa i\u015faret etti.<\/p>\n<div id='gallery-1' class='gallery galleryid-63059 gallery-columns-2 gallery-size-medium'><figure class='gallery-item'>\n\t\t\t<div class='gallery-icon landscape'>\n\t\t\t\t<a href='https:\/\/archive.sana.sy\/tr\/wp-content\/uploads\/2016\/02\/1-53.jpg'><img loading=\"lazy\" decoding=\"async\" width=\"300\" height=\"212\" src=\"https:\/\/archive.sana.sy\/tr\/wp-content\/uploads\/2016\/02\/1-53-300x212.jpg\" class=\"attachment-medium size-medium\" alt=\"\" srcset=\"https:\/\/archive.sana.sy\/tr\/wp-content\/uploads\/2016\/02\/1-53-300x212.jpg 300w, https:\/\/archive.sana.sy\/tr\/wp-content\/uploads\/2016\/02\/1-53-150x106.jpg 150w, https:\/\/archive.sana.sy\/tr\/wp-content\/uploads\/2016\/02\/1-53-768x541.jpg 768w, https:\/\/archive.sana.sy\/tr\/wp-content\/uploads\/2016\/02\/1-53-1024x722.jpg 1024w\" sizes=\"auto, (max-width: 300px) 100vw, 300px\" \/><\/a>\n\t\t\t<\/div><\/figure><figure class='gallery-item'>\n\t\t\t<div class='gallery-icon landscape'>\n\t\t\t\t<a href='https:\/\/archive.sana.sy\/tr\/wp-content\/uploads\/2016\/02\/2-34.jpg'><img loading=\"lazy\" decoding=\"async\" width=\"300\" height=\"165\" src=\"https:\/\/archive.sana.sy\/tr\/wp-content\/uploads\/2016\/02\/2-34-300x165.jpg\" class=\"attachment-medium size-medium\" alt=\"\" srcset=\"https:\/\/archive.sana.sy\/tr\/wp-content\/uploads\/2016\/02\/2-34-300x165.jpg 300w, https:\/\/archive.sana.sy\/tr\/wp-content\/uploads\/2016\/02\/2-34-150x82.jpg 150w, https:\/\/archive.sana.sy\/tr\/wp-content\/uploads\/2016\/02\/2-34-768x421.jpg 768w, https:\/\/archive.sana.sy\/tr\/wp-content\/uploads\/2016\/02\/2-34-1024x562.jpg 1024w\" sizes=\"auto, (max-width: 300px) 100vw, 300px\" \/><\/a>\n\t\t\t<\/div><\/figure>\n\t\t<\/div>\n\n<p>R.H.<\/p>\n","protected":false},"excerpt":{"rendered":"<p>\u015eAM \u2013 Milli karate tak\u0131m\u0131m\u0131z\u0131n sporcular\u0131ndan Muna \u015ehayber M\u0131s\u0131r\u2019\u0131n \u015eerem el \u015eeyh Kentinde d\u00fczenlenen D\u00fcnya Karate \u015eampiyonas\u0131nda 61 kg alt\u0131nda kat\u0131ld\u0131\u011f\u0131 yar\u0131\u015fmalarda ikincili\u011fi kazanarak g\u00fcm\u00fc\u015f madalya ald\u0131. Suriye Karate Birli\u011fi Ba\u015fkan\u0131 Cihat Meyya; birli\u011fin uluslar aras\u0131 d\u00fczeyde bu y\u0131l ilk kat\u0131l\u0131m\u0131 oldu\u011funa i\u015faret ederken milli sporcumuz \u015ehayber\u2019in bu ba\u015far\u0131s\u0131n\u0131n ciddi bir takdire \u015fayan oldu\u011funu s\u00f6yledi. &hellip;<\/p>\n","protected":false},"author":1,"featured_media":63060,"comment_status":"closed","ping_status":"closed","sticky":false,"template":"","format":"standard","meta":{"footnotes":""},"categories":[17988,496,497],"tags":[19542],"class_list":["post-63059","post","type-post","status-publish","format-standard","has-post-thumbnail","","category-son-haberler","category-spor","category-yerel-turnuvalar","tag-milli-sporcumuz-gumus-madalya-kazandi"],"_links":{"self":[{"href":"https:\/\/archive.sana.sy\/tr\/index.php?rest_route=\/wp\/v2\/posts\/63059","targetHints":{"allow":["GET"]}}],"collection":[{"href":"https:\/\/archive.sana.sy\/tr\/index.php?rest_route=\/wp\/v2\/posts"}],"about":[{"href":"https:\/\/archive.sana.sy\/tr\/index.php?rest_route=\/wp\/v2\/types\/post"}],"author":[{"embeddable":true,"href":"https:\/\/archive.sana.sy\/tr\/index.php?rest_route=\/wp\/v2\/users\/1"}],"replies":[{"embeddable":true,"href":"https:\/\/archive.sana.sy\/tr\/index.php?rest_route=%2Fwp%2Fv2%2Fcomments&post=63059"}],"version-history":[{"count":0,"href":"https:\/\/archive.sana.sy\/tr\/index.php?rest_route=\/wp\/v2\/posts\/63059\/revisions"}],"wp:featuredmedia":[{"embeddable":true,"href":"https:\/\/archive.sana.sy\/tr\/index.php?rest_route=\/wp\/v2\/media\/63060"}],"wp:attachment":[{"href":"https:\/\/archive.sana.sy\/tr\/index.php?rest_route=%2Fwp%2Fv2%2Fmedia&parent=63059"}],"wp:term":[{"taxonomy":"category","embeddable":true,"href":"https:\/\/archive.sana.sy\/tr\/index.php?rest_route=%2Fwp%2Fv2%2Fcategories&post=63059"},{"taxonomy":"post_tag","embeddable":true,"href":"https:\/\/archive.sana.sy\/tr\/index.php?rest_route=%2Fwp%2Fv2%2Ftags&post=63059"}],"curies":[{"name":"wp","href":"https:\/\/api.w.org\/{rel}","templated":true}]}}