{"id":63078,"date":"2016-02-28T12:18:53","date_gmt":"2016-02-28T10:18:53","guid":{"rendered":"http:\/\/www.sana.sy\/tr\/?p=63078"},"modified":"2016-02-28T15:07:24","modified_gmt":"2016-02-28T13:07:24","slug":"haseke-kirsalinda-teror-magduru-cocuklara-5-bin-kiyafet-paketi-dagitilacak","status":"publish","type":"post","link":"https:\/\/archive.sana.sy\/tr\/?p=63078","title":{"rendered":"Haseke K\u0131rsal\u0131nda Ter\u00f6r Ma\u011fduru \u00c7ocuklara 5 Bin K\u0131yafet Paketi Da\u011f\u0131t\u0131lacak"},"content":{"rendered":"<p>HASEKE \u2013 Suriye K\u0131z\u0131lay \u00d6rg\u00fct\u00fc bug\u00fcn Haseke k\u0131rsal\u0131nda ter\u00f6r ma\u011fduru ailelerin \u00e7ocuklar\u0131na da\u011f\u0131t\u0131lmak \u00fczere Birle\u015fmi\u015f Milletler \u00c7ocuklara Yard\u0131m Fonu\u00a0UNICEF\u2019ten 5 bin paket k\u0131yafet yard\u0131m\u0131 teslim ald\u0131.<\/p>\n<p>K\u0131z\u0131lay \u00d6rg\u00fct\u00fcn\u00fcn Haseke \u015eube M\u00fcd\u00fcr\u00fc Garbi Merdud SANA\u2019ya a\u00e7\u0131klamas\u0131nda; teslim al\u0131nan yard\u0131mlar\u0131n 2 bin paketinin Haseke k\u0131rsal\u0131, 3 bin paketinin de Haseke iline tabi \u015eeddadi k\u0131rsal\u0131nda ter\u00f6r ma\u011fduru ve yoksul ailelerin \u00e7ocuklar\u0131na bu haftan\u0131n sonundan itibaren da\u011f\u0131t\u0131laca\u011f\u0131n\u0131 a\u00e7\u0131klad\u0131.<\/p>\n<p>Bu arada K\u0131z\u0131lay \u00d6rg\u00fct\u00fc \u015eeddadi k\u0131rsal\u0131nda ter\u00f6r ma\u011fdurlar\u0131na 1500 g\u0131da paketi da\u011f\u0131tma \u00e7al\u0131\u015fmalar\u0131n\u0131 bug\u00fcn tamamlarken, Ras el Ayn B\u00f6lgesinde de yine 1500 g\u0131da paketini da\u011f\u0131tma \u00e7al\u0131\u015fmalar\u0131n\u0131 s\u00fcrd\u00fcrecek.<\/p>\n","protected":false},"excerpt":{"rendered":"<p>HASEKE \u2013 Suriye K\u0131z\u0131lay \u00d6rg\u00fct\u00fc bug\u00fcn Haseke k\u0131rsal\u0131nda ter\u00f6r ma\u011fduru ailelerin \u00e7ocuklar\u0131na da\u011f\u0131t\u0131lmak \u00fczere Birle\u015fmi\u015f Milletler \u00c7ocuklara Yard\u0131m Fonu\u00a0UNICEF\u2019ten 5 bin paket k\u0131yafet yard\u0131m\u0131 teslim ald\u0131. K\u0131z\u0131lay \u00d6rg\u00fct\u00fcn\u00fcn Haseke \u015eube M\u00fcd\u00fcr\u00fc Garbi Merdud SANA\u2019ya a\u00e7\u0131klamas\u0131nda; teslim al\u0131nan yard\u0131mlar\u0131n 2 bin paketinin Haseke k\u0131rsal\u0131, 3 bin paketinin de Haseke iline tabi \u015eeddadi k\u0131rsal\u0131nda ter\u00f6r ma\u011fduru ve &hellip;<\/p>\n","protected":false},"author":1,"featured_media":63082,"comment_status":"closed","ping_status":"closed","sticky":false,"template":"","format":"standard","meta":{"footnotes":""},"categories":[479,17988,478],"tags":[19556,18729,18671,19555,19285,19557],"class_list":["post-63078","post","type-post","status-publish","format-standard","has-post-thumbnail","","category-haberler-yerel","category-son-haberler","category-yerel","tag-bm-cocuk-esirgeme-kurumu","tag-insnai-yardim","tag-kizilay-orgutu","tag-suriye-kizilay-orgutu","tag-teror-magdurlari","tag-unicef"],"_links":{"self":[{"href":"https:\/\/archive.sana.sy\/tr\/index.php?rest_route=\/wp\/v2\/posts\/63078","targetHints":{"allow":["GET"]}}],"collection":[{"href":"https:\/\/archive.sana.sy\/tr\/index.php?rest_route=\/wp\/v2\/posts"}],"about":[{"href":"https:\/\/archive.sana.sy\/tr\/index.php?rest_route=\/wp\/v2\/types\/post"}],"author":[{"embeddable":true,"href":"https:\/\/archive.sana.sy\/tr\/index.php?rest_route=\/wp\/v2\/users\/1"}],"replies":[{"embeddable":true,"href":"https:\/\/archive.sana.sy\/tr\/index.php?rest_route=%2Fwp%2Fv2%2Fcomments&post=63078"}],"version-history":[{"count":0,"href":"https:\/\/archive.sana.sy\/tr\/index.php?rest_route=\/wp\/v2\/posts\/63078\/revisions"}],"wp:featuredmedia":[{"embeddable":true,"href":"https:\/\/archive.sana.sy\/tr\/index.php?rest_route=\/wp\/v2\/media\/63082"}],"wp:attachment":[{"href":"https:\/\/archive.sana.sy\/tr\/index.php?rest_route=%2Fwp%2Fv2%2Fmedia&parent=63078"}],"wp:term":[{"taxonomy":"category","embeddable":true,"href":"https:\/\/archive.sana.sy\/tr\/index.php?rest_route=%2Fwp%2Fv2%2Fcategories&post=63078"},{"taxonomy":"post_tag","embeddable":true,"href":"https:\/\/archive.sana.sy\/tr\/index.php?rest_route=%2Fwp%2Fv2%2Ftags&post=63078"}],"curies":[{"name":"wp","href":"https:\/\/api.w.org\/{rel}","templated":true}]}}