{"id":6310,"date":"2014-08-01T22:32:03","date_gmt":"2014-08-01T19:32:03","guid":{"rendered":"http:\/\/www.sana.sy\/tr\/?p=6310"},"modified":"2014-08-02T14:22:30","modified_gmt":"2014-08-02T11:22:30","slug":"kahramanlarimiz-terorun-vatan-topraklarinda-barinmasina-izin-vermiyor","status":"publish","type":"post","link":"https:\/\/archive.sana.sy\/tr\/?p=6310","title":{"rendered":"Kahramanlar\u0131m\u0131z Ter\u00f6r\u00fcn Vatan Topraklar\u0131nda Bar\u0131nmas\u0131na \u0130zin Vermiyor"},"content":{"rendered":"<p>\u0130LLER \u2013 Kahraman ordu birliklerimiz silahl\u0131 ter\u00f6r gruplar\u0131na kar\u015f\u0131 s\u00fcrd\u00fcrd\u00fckleri amans\u0131z m\u00fccadeleyle ter\u00f6r\u00fcn bu topraklarda asla bar\u0131namayaca\u011f\u0131n\u0131 d\u00fcnya aleme kan\u0131tlamaya devam ediyor.<\/p>\n<p><span style=\"color: #0000ff\">\u015eam K\u0131rsal\u0131nda Ter\u00f6re Kar\u015f\u0131 Ba\u015far\u0131lar S\u00fcr\u00fcyor<\/span><\/p>\n<p>Askeri bir kaynak kahraman ordu birliklerimizin \u015eam K\u0131rsal\u0131n\u0131n Han el \u015eiyh b\u00f6lgesinin yan\u0131 s\u0131ra Be\u015fir el Neccar Tar\u0131m Arazileri, el Khamra, Ma\u011far Miyr b\u00f6lgelerinde d\u00fczenledikleri nitelikli operasyonlar sonucunda \u00e7ok say\u0131da ter\u00f6risti \u00f6l\u00fc ve yaral\u0131 d\u00fc\u015f\u00fcrd\u00fcklerini ifade etti.<\/p>\n<p><span style=\"color: #0000ff\">Halep ve K\u0131rsal\u0131nda Ter\u00f6ristler Kay\u0131p Vermeye Devam Ediyor<\/span><\/p>\n<p>Kahraman birliklerimizin Halep ve k\u0131rsal\u0131n\u0131n Han el Asel, Handerat, el \u015eear, Heyyan, Kefer Naha, Darat Azza, Khanas\u0131r, Evram, Kerm el Cebel, Eksi Halep Kenti, Kefer Daal ve Leyrmon b\u00f6lgelerinde bir\u00e7ok ter\u00f6r yuvas\u0131n\u0131 hedef ald\u0131klar\u0131na i\u015faret eden kaynak; buralarda meydana gelen \u00e7at\u0131\u015fmalarda onlarca ter\u00f6ristin \u00f6l\u00fc ve yaral\u0131 d\u00fc\u015f\u00fcr\u00fcld\u00fc\u011f\u00fcn\u00fc belirtti.<\/p>\n<p>Han el Asel, Ra\u015fidin ve Gazeteciler Cemiyeti yak\u0131nlar\u0131nda d\u00fczenlenen operasyonlar sonucunda ter\u00f6ristlere ait bir\u00e7ok arac\u0131n yok edildi\u011fine de\u011finen kaynak; ayr\u0131ca ter\u00f6ristlere ait b\u00fcy\u00fck miktarda silah ve m\u00fchimmat\u0131n da imha edildi\u011fini aktard\u0131.<\/p>\n<p><span style=\"color: #0000ff\">Dera K\u0131rsal\u0131nda Ter\u00f6ristlere Ait Bir\u00e7ok Ara\u00e7 Yok Edildi<\/span><\/p>\n<p>Dera ve K\u0131rsal\u0131n\u0131n bir\u00e7ok b\u00f6lgesinde devam eden operasyonlar kapsam\u0131nda ter\u00f6ristlere b\u00fcy\u00fck kay\u0131plar verdirildi\u011fine dikkat \u00e7eken kaynak; Fetyan Tar\u0131m Arazileri, Nahta Mleyhat el Ata\u015f yolu, Nassab, Camra, Fakki, \u015eahm, Etman ve Mehce b\u00f6lgelerinde meydana gelen \u00e7at\u0131\u015fmalarda onlarca ter\u00f6ristin \u00f6l\u00fc ve yaral\u0131 olarak ele ge\u00e7irildi\u011fini ibraz etti.<\/p>\n<p>Dera Beled\u2019in Becabice, \u00dcrd\u00fcn Caddesi, Bilal Habe\u015fi civar\u0131, Halil Camisinin g\u00fcneyi ve Sanat Enstit\u00fcs\u00fc yak\u0131nlar\u0131nda meydana gelen \u00e7at\u0131\u015fmalarda da bir\u00e7ok ter\u00f6ristin \u00f6l\u00fc ve yaral\u0131 d\u00fc\u015f\u00fcr\u00fcld\u00fc\u011f\u00fcn\u00fcn alt\u0131n\u0131 \u00e7izen kaynak; ter\u00f6ristlerin havzalar\u0131nda bulunan silahlar\u0131n ise imha edildi\u011fini ekledi.<\/p>\n<p><span style=\"color: #0000ff\">Kunaytra ve K\u0131rsal\u0131nda Ter\u00f6ristler Eleba\u015flar\u0131yla Birlikte \u00d6ld\u00fcr\u00fcld\u00fc<\/span><\/p>\n<p>Kunaytra ve K\u0131rsal\u0131nda ter\u00f6ristlerin kay\u0131p vermeye devam ettiklerini dile getiren kaynak; Dahrat el \u015eevli, Beyt Cin, Hir\u015f Ebu \u015eata, Basatin H\u0131zaciya ve Resm el Akraa b\u00f6lgelerinde ter\u00f6ristlere ait bir\u00e7ok ter\u00f6r yuvas\u0131n\u0131n yerle bir edildi\u011fini ve buralarda meydana gelen \u00e7at\u0131\u015fmalarda bir\u00e7ok ter\u00f6ristin eleba\u015flar\u0131yla birlikte \u00f6l\u00fc ve yaral\u0131 d\u00fc\u015f\u00fcr\u00fcld\u00fc\u011f\u00fcn\u00fc belirtti.<\/p>\n<p><span style=\"color: #0000ff\">Homs K\u0131rsal\u0131nda Onlarca Ter\u00f6rist \u00d6ld\u00fcr\u00fcld\u00fc<\/span><\/p>\n<p>Homs k\u0131rsal\u0131nda Semalil, Teldo, Huvla, Vaar ve Telbise b\u00f6lgelerinde bir\u00e7ok ter\u00f6r yuvas\u0131n\u0131n yok edildi\u011fine de\u011finen kaynak; buralarda da onlarca ter\u00f6ristin \u00f6l\u00fc ve yaral\u0131 olarak ele ge\u00e7irildi\u011finin alt\u0131n\u0131 \u00e7izdi.<\/p>\n<p>Homs k\u0131rsal\u0131n\u0131n do\u011fusu Furuklos B\u00f6lgesindeki Do\u011falgaz \u0130stasyonu muhaf\u0131zlar\u0131 bug\u00fcn istasyona bombal\u0131 bir ara\u00e7la sald\u0131rmaya \u00e7al\u0131\u015fan intihar eylemcisi bir ter\u00f6riste kar\u015f\u0131 koyarak hain eylemini \u00e7\u00f6kertti. \u0130stasyon korumalar\u0131 bombal\u0131 arac\u0131 hedefe ula\u015fmadan \u00f6nce havaya u\u00e7ururken; korumalardan 3 ki\u015fi yaraland\u0131. \u0130stasyonda her hangi bir hasar meydana gelmedi.<\/p>\n<p><span style=\"color: #0000ff\">\u0130dlib K\u0131rsal\u0131nda Ter\u00f6ristlere Be\u015feri ve Lojistik Kay\u0131plar Verdirildi<\/span><\/p>\n<p>Kahraman birliklerimizin, \u0130dlib K\u0131rsal\u0131n\u0131n Reyhaniye, Muriiyan, Ard el Devsa, Buzabur, T\u0131lf, Hamidiye, Sermin ve Ben\u015f b\u00f6lgelerinde bir\u00e7ok ter\u00f6r yuvas\u0131n\u0131 hedef ald\u0131klar\u0131na i\u015faret eden kaynak; buralarda ter\u00f6ristlere b\u00fcy\u00fck be\u015feri ve lojistik kay\u0131plar verdirildi\u011fini ekledi.<\/p>\n","protected":false},"excerpt":{"rendered":"<p>\u0130LLER \u2013 Kahraman ordu birliklerimiz silahl\u0131 ter\u00f6r gruplar\u0131na kar\u015f\u0131 s\u00fcrd\u00fcrd\u00fckleri amans\u0131z m\u00fccadeleyle ter\u00f6r\u00fcn bu topraklarda asla bar\u0131namayaca\u011f\u0131n\u0131 d\u00fcnya aleme kan\u0131tlamaya devam ediyor. \u015eam K\u0131rsal\u0131nda Ter\u00f6re Kar\u015f\u0131 Ba\u015far\u0131lar S\u00fcr\u00fcyor Askeri bir kaynak kahraman ordu birliklerimizin \u015eam K\u0131rsal\u0131n\u0131n Han el \u015eiyh b\u00f6lgesinin yan\u0131 s\u0131ra Be\u015fir el Neccar Tar\u0131m Arazileri, el Khamra, Ma\u011far Miyr b\u00f6lgelerinde d\u00fczenledikleri nitelikli operasyonlar &hellip;<\/p>\n","protected":false},"author":1,"featured_media":6322,"comment_status":"closed","ping_status":"closed","sticky":false,"template":"","format":"standard","meta":{"footnotes":""},"categories":[575],"tags":[1397],"class_list":["post-6310","post","type-post","status-publish","format-standard","has-post-thumbnail","","category-olaylar-ve-gercekler","tag-kahramanlarimiz-terorun-vatan-topraklarinda-barinmasina-izin-vermiyor"],"_links":{"self":[{"href":"https:\/\/archive.sana.sy\/tr\/index.php?rest_route=\/wp\/v2\/posts\/6310","targetHints":{"allow":["GET"]}}],"collection":[{"href":"https:\/\/archive.sana.sy\/tr\/index.php?rest_route=\/wp\/v2\/posts"}],"about":[{"href":"https:\/\/archive.sana.sy\/tr\/index.php?rest_route=\/wp\/v2\/types\/post"}],"author":[{"embeddable":true,"href":"https:\/\/archive.sana.sy\/tr\/index.php?rest_route=\/wp\/v2\/users\/1"}],"replies":[{"embeddable":true,"href":"https:\/\/archive.sana.sy\/tr\/index.php?rest_route=%2Fwp%2Fv2%2Fcomments&post=6310"}],"version-history":[{"count":0,"href":"https:\/\/archive.sana.sy\/tr\/index.php?rest_route=\/wp\/v2\/posts\/6310\/revisions"}],"wp:featuredmedia":[{"embeddable":true,"href":"https:\/\/archive.sana.sy\/tr\/index.php?rest_route=\/wp\/v2\/media\/6322"}],"wp:attachment":[{"href":"https:\/\/archive.sana.sy\/tr\/index.php?rest_route=%2Fwp%2Fv2%2Fmedia&parent=6310"}],"wp:term":[{"taxonomy":"category","embeddable":true,"href":"https:\/\/archive.sana.sy\/tr\/index.php?rest_route=%2Fwp%2Fv2%2Fcategories&post=6310"},{"taxonomy":"post_tag","embeddable":true,"href":"https:\/\/archive.sana.sy\/tr\/index.php?rest_route=%2Fwp%2Fv2%2Ftags&post=6310"}],"curies":[{"name":"wp","href":"https:\/\/api.w.org\/{rel}","templated":true}]}}