{"id":63119,"date":"2016-02-29T08:35:05","date_gmt":"2016-02-29T06:35:05","guid":{"rendered":"http:\/\/www.sana.sy\/tr\/?p=63119"},"modified":"2016-02-29T08:35:05","modified_gmt":"2016-02-29T06:35:05","slug":"vatikan-papasi-anlasmanin-cozume-yol-acmasi-temennisinde-bulundu","status":"publish","type":"post","link":"https:\/\/archive.sana.sy\/tr\/?p=63119","title":{"rendered":"Vatikan Papas\u0131 Anla\u015fman\u0131n \u00c7\u00f6z\u00fcme Yol A\u00e7mas\u0131 Temennisinde Bulundu"},"content":{"rendered":"<p>VAT\u0130KAN \u2013 Vatikan Papas\u0131 Francis Suriye&#8217;de \u00e7at\u0131\u015fmalar\u0131 durdurma anla\u015fmas\u0131n\u0131n, ve\u015f y\u0131ld\u0131r s\u00fcren krizin \u00e7\u00f6z\u00fcm\u00fcne yol a\u00e7mas\u0131 umudunu ifade etti.<\/p>\n<p>Aziz Petrus Meydan\u0131&#8217;nda bug\u00fcn d\u00fczenlenen dua t\u00f6reninde Papa Francis anla\u015fman\u0131n Suriye&#8217;de zor durumda olan insanlar\u0131n ac\u0131lar\u0131n\u0131 hafifletmesi ve diyalog yoluyla bar\u0131\u015f\u0131n sa\u011flanmas\u0131na yol a\u00e7mas\u0131 temennilerinde bulundu.<\/p>\n<p>R.H.<\/p>\n","protected":false},"excerpt":{"rendered":"<p>VAT\u0130KAN \u2013 Vatikan Papas\u0131 Francis Suriye&#8217;de \u00e7at\u0131\u015fmalar\u0131 durdurma anla\u015fmas\u0131n\u0131n, ve\u015f y\u0131ld\u0131r s\u00fcren krizin \u00e7\u00f6z\u00fcm\u00fcne yol a\u00e7mas\u0131 umudunu ifade etti. Aziz Petrus Meydan\u0131&#8217;nda bug\u00fcn d\u00fczenlenen dua t\u00f6reninde Papa Francis anla\u015fman\u0131n Suriye&#8217;de zor durumda olan insanlar\u0131n ac\u0131lar\u0131n\u0131 hafifletmesi ve diyalog yoluyla bar\u0131\u015f\u0131n sa\u011flanmas\u0131na yol a\u00e7mas\u0131 temennilerinde bulundu. R.H.<\/p>\n","protected":false},"author":1,"featured_media":63120,"comment_status":"closed","ping_status":"closed","sticky":false,"template":"","format":"standard","meta":{"footnotes":""},"categories":[458,459,17988],"tags":[19565],"class_list":["post-63119","post","type-post","status-publish","format-standard","has-post-thumbnail","","category-dunya1","category-haberler-arap-uluslararasi-politika","category-son-haberler","tag-vatikan-papasi-francis"],"_links":{"self":[{"href":"https:\/\/archive.sana.sy\/tr\/index.php?rest_route=\/wp\/v2\/posts\/63119","targetHints":{"allow":["GET"]}}],"collection":[{"href":"https:\/\/archive.sana.sy\/tr\/index.php?rest_route=\/wp\/v2\/posts"}],"about":[{"href":"https:\/\/archive.sana.sy\/tr\/index.php?rest_route=\/wp\/v2\/types\/post"}],"author":[{"embeddable":true,"href":"https:\/\/archive.sana.sy\/tr\/index.php?rest_route=\/wp\/v2\/users\/1"}],"replies":[{"embeddable":true,"href":"https:\/\/archive.sana.sy\/tr\/index.php?rest_route=%2Fwp%2Fv2%2Fcomments&post=63119"}],"version-history":[{"count":0,"href":"https:\/\/archive.sana.sy\/tr\/index.php?rest_route=\/wp\/v2\/posts\/63119\/revisions"}],"wp:featuredmedia":[{"embeddable":true,"href":"https:\/\/archive.sana.sy\/tr\/index.php?rest_route=\/wp\/v2\/media\/63120"}],"wp:attachment":[{"href":"https:\/\/archive.sana.sy\/tr\/index.php?rest_route=%2Fwp%2Fv2%2Fmedia&parent=63119"}],"wp:term":[{"taxonomy":"category","embeddable":true,"href":"https:\/\/archive.sana.sy\/tr\/index.php?rest_route=%2Fwp%2Fv2%2Fcategories&post=63119"},{"taxonomy":"post_tag","embeddable":true,"href":"https:\/\/archive.sana.sy\/tr\/index.php?rest_route=%2Fwp%2Fv2%2Ftags&post=63119"}],"curies":[{"name":"wp","href":"https:\/\/api.w.org\/{rel}","templated":true}]}}