{"id":63128,"date":"2016-02-29T11:52:32","date_gmt":"2016-02-29T09:52:32","guid":{"rendered":"http:\/\/www.sana.sy\/tr\/?p=63128"},"modified":"2016-03-01T17:05:11","modified_gmt":"2016-03-01T15:05:11","slug":"adaylik-basvuru-sayisi-2745-olduvideo","status":"publish","type":"post","link":"https:\/\/archive.sana.sy\/tr\/?p=63128","title":{"rendered":"Adayl\u0131k Ba\u015fvuru Say\u0131s\u0131 2745 Oldu (video)"},"content":{"rendered":"<p>\u0130LLER \u2013 Anayasa kapsam\u0131nda 13 Nisan tarihinde yap\u0131lacak Halk Meclisi se\u00e7imlerine haz\u0131rl\u0131k \u00e7al\u0131\u015fmalar\u0131n\u0131 s\u00fcrd\u00fcren Milletvekili Adayl\u0131k Ba\u015fvuru Komiteleri \u00e7al\u0131\u015fmalar\u0131n\u0131n be\u015finci g\u00fcn\u00fc d\u00fcn 2745 ba\u015fvuru talebi kabul etti..<\/p>\n<p>Se\u00e7im Y\u00fcksek Yarg\u0131 Komisyonu d\u00fcn yapt\u0131\u011f\u0131 bas\u0131n a\u00e7\u0131klamas\u0131nda d\u00fcn ak\u015fam itibar\u0131yla Halk Meclisi \u00fcyeli\u011fine t\u00fcm illerden 2745 adayl\u0131k ba\u015fvurusunun yap\u0131ld\u0131\u011f\u0131n\u0131 a\u00e7\u0131klad\u0131. Komisyon milletvekili adayl\u0131k ba\u015fvurular\u0131n\u0131n illere g\u00f6re da\u011f\u0131l\u0131m\u0131n\u0131 a\u00e7\u0131klarken \u015eam\u2019dan 256, \u015eam k\u0131rsal\u0131ndan 214, Halep\u2019ten 274, Halep k\u0131rsal\u0131ndan 222, \u0130dlib\u2019ten 97, Homs\u2019tan 494, Hama\u2019dan 205, Lazkiye 358, Tartus\u2019tan 123, Deyrezzor\u2019dan 105, Haseke\u2019den 149, Rakka\u2019dan 68, Dera\u2019dan 91, S\u00fcveyda\u2019dan 41 ve Kunaytra\u2019dan 48 ba\u015fvurunun yap\u0131ld\u0131\u011f\u0131n\u0131 ifade etti.<\/p>\n<p>Komisyon adayl\u0131k ba\u015fvurular\u0131n\u0131n yo\u011funlu\u011fu nedeniyle ba\u015fvuru tarihinin 2 Mart \u00c7ar\u015famba g\u00fcn\u00fc saat 20:00\u2019a dek uzat\u0131ld\u0131\u011f\u0131n\u0131 ilan etmi\u015fti.<\/p>\n<p>https:\/\/www.youtube.com\/watch?v=0utNkiapWJk<\/p>\n<p>R.H.<\/p>\n","protected":false},"excerpt":{"rendered":"<p>\u0130LLER \u2013 Anayasa kapsam\u0131nda 13 Nisan tarihinde yap\u0131lacak Halk Meclisi se\u00e7imlerine haz\u0131rl\u0131k \u00e7al\u0131\u015fmalar\u0131n\u0131 s\u00fcrd\u00fcren Milletvekili Adayl\u0131k Ba\u015fvuru Komiteleri \u00e7al\u0131\u015fmalar\u0131n\u0131n be\u015finci g\u00fcn\u00fc d\u00fcn 2745 ba\u015fvuru talebi kabul etti.. Se\u00e7im Y\u00fcksek Yarg\u0131 Komisyonu d\u00fcn yapt\u0131\u011f\u0131 bas\u0131n a\u00e7\u0131klamas\u0131nda d\u00fcn ak\u015fam itibar\u0131yla Halk Meclisi \u00fcyeli\u011fine t\u00fcm illerden 2745 adayl\u0131k ba\u015fvurusunun yap\u0131ld\u0131\u011f\u0131n\u0131 a\u00e7\u0131klad\u0131. Komisyon milletvekili adayl\u0131k ba\u015fvurular\u0131n\u0131n illere g\u00f6re da\u011f\u0131l\u0131m\u0131n\u0131 &hellip;<\/p>\n","protected":false},"author":1,"featured_media":63341,"comment_status":"closed","ping_status":"closed","sticky":false,"template":"","format":"standard","meta":{"footnotes":""},"categories":[479,17988,478],"tags":[19570],"class_list":["post-63128","post","type-post","status-publish","format-standard","has-post-thumbnail","","category-haberler-yerel","category-son-haberler","category-yerel","tag-adaylik-basvuru-sayisi-2745-oldu"],"_links":{"self":[{"href":"https:\/\/archive.sana.sy\/tr\/index.php?rest_route=\/wp\/v2\/posts\/63128","targetHints":{"allow":["GET"]}}],"collection":[{"href":"https:\/\/archive.sana.sy\/tr\/index.php?rest_route=\/wp\/v2\/posts"}],"about":[{"href":"https:\/\/archive.sana.sy\/tr\/index.php?rest_route=\/wp\/v2\/types\/post"}],"author":[{"embeddable":true,"href":"https:\/\/archive.sana.sy\/tr\/index.php?rest_route=\/wp\/v2\/users\/1"}],"replies":[{"embeddable":true,"href":"https:\/\/archive.sana.sy\/tr\/index.php?rest_route=%2Fwp%2Fv2%2Fcomments&post=63128"}],"version-history":[{"count":0,"href":"https:\/\/archive.sana.sy\/tr\/index.php?rest_route=\/wp\/v2\/posts\/63128\/revisions"}],"wp:featuredmedia":[{"embeddable":true,"href":"https:\/\/archive.sana.sy\/tr\/index.php?rest_route=\/wp\/v2\/media\/63341"}],"wp:attachment":[{"href":"https:\/\/archive.sana.sy\/tr\/index.php?rest_route=%2Fwp%2Fv2%2Fmedia&parent=63128"}],"wp:term":[{"taxonomy":"category","embeddable":true,"href":"https:\/\/archive.sana.sy\/tr\/index.php?rest_route=%2Fwp%2Fv2%2Fcategories&post=63128"},{"taxonomy":"post_tag","embeddable":true,"href":"https:\/\/archive.sana.sy\/tr\/index.php?rest_route=%2Fwp%2Fv2%2Ftags&post=63128"}],"curies":[{"name":"wp","href":"https:\/\/api.w.org\/{rel}","templated":true}]}}