{"id":63138,"date":"2016-02-28T13:40:24","date_gmt":"2016-02-28T11:40:24","guid":{"rendered":"http:\/\/www.sana.sy\/tr\/?p=63138"},"modified":"2016-02-29T13:45:51","modified_gmt":"2016-02-29T11:45:51","slug":"teroristler-cocuklarin-bilim-ve-uygarliktan-mahrum-edilmeleri-icin-her-gayreti-gosteriyor","status":"publish","type":"post","link":"https:\/\/archive.sana.sy\/tr\/?p=63138","title":{"rendered":"Ter\u00f6ristler \u00c7ocuklar\u0131n Bilim ve Uygarl\u0131ktan Mahrum Edilmeleri \u0130\u00e7in Her Gayreti G\u00f6steriyor"},"content":{"rendered":"<p>\u015eAM \u2013 D\u0131\u015fi\u015fleri ve Gurbet\u00e7iler Bakan\u0131 Yard\u0131mc\u0131s\u0131 Faysal Mikdat bug\u00fcn Birle\u015fmi\u015f Milletler \u00c7ocuklara Yard\u0131m Fonu (UNICEF) Genel Direkt\u00f6r\u00fc Anthony Lake ve ona e\u015flik eden heyet ile g\u00f6r\u00fc\u015fmesinde; Suriye h\u00fck\u00fcmeti ile UNICEF aras\u0131ndaki i\u015fbirli\u011fi ve koordinasyonu peki\u015ftirme olanaklar\u0131n\u0131 masaya yat\u0131rd\u0131.<\/p>\n<p>G\u00f6r\u00fc\u015fmede Mikdat UNICEF\u2019in kriz s\u00fcresince Suriyeli \u00e7ocuklara verdi\u011fi destek ve temin etti\u011fi yard\u0131mlar\u0131 \u00f6verken; Suriye h\u00fck\u00fcmetinin yurt genelinde \u00e7ocuklara ve m\u00fcmk\u00fcn oldu\u011funca sa\u011fl\u0131kl\u0131 bir \u015fekilde geli\u015fmelerine b\u00fcy\u00fck bir \u00f6nem verdi\u011finin alt\u0131n\u0131 \u00e7izdi.<\/p>\n<p>Kimi devletlerin destek ve komutas\u0131nda faaliyet g\u00f6steren ter\u00f6r \u00f6rg\u00fctlerin sistematik ve kas\u0131tl\u0131 bir \u015fekilde \u00e7ocuklar\u0131 okullar\u0131 ve ta\u015f\u0131ma ara\u00e7lar\u0131yla hedef ald\u0131klar\u0131na dikkat \u00e7eken Mikdat; bu \u00e7etelerin gelecek nesillerin bilim ve uygarl\u0131ktan mahrum edilmeleri i\u00e7in her t\u00fcrl\u00fc yola ba\u015fvurduklar\u0131na i\u015faret etti.<\/p>\n<p>Lake ise g\u00f6r\u00fc\u015fmede iki taraf aras\u0131ndaki i\u015fbirli\u011finin daha geni\u015f alanlara geni\u015fletilmesi gere\u011fini vurgularken, Suriyeli \u00e7ocuklar\u0131n mevcut ko\u015fullara ra\u011fmen daha iyi bir ya\u015fam s\u00fcrmelerini temin etmede gereken yard\u0131m ve i\u015fbirli\u011fine haz\u0131r oldu\u011funu belirtti.<\/p>\n<div id='gallery-1' class='gallery galleryid-63138 gallery-columns-2 gallery-size-medium'><figure class='gallery-item'>\n\t\t\t<div class='gallery-icon landscape'>\n\t\t\t\t<a href='https:\/\/archive.sana.sy\/tr\/wp-content\/uploads\/2016\/02\/Faysal-Mikdat-ve-UNICEF-genel-direkt\u00f6r\u00fc.jpg'><img loading=\"lazy\" decoding=\"async\" width=\"300\" height=\"182\" src=\"https:\/\/archive.sana.sy\/tr\/wp-content\/uploads\/2016\/02\/Faysal-Mikdat-ve-UNICEF-genel-direkt\u00f6r\u00fc-300x182.jpg\" class=\"attachment-medium size-medium\" alt=\"\" srcset=\"https:\/\/archive.sana.sy\/tr\/wp-content\/uploads\/2016\/02\/Faysal-Mikdat-ve-UNICEF-genel-direkt\u00f6r\u00fc-300x182.jpg 300w, https:\/\/archive.sana.sy\/tr\/wp-content\/uploads\/2016\/02\/Faysal-Mikdat-ve-UNICEF-genel-direkt\u00f6r\u00fc-150x91.jpg 150w, https:\/\/archive.sana.sy\/tr\/wp-content\/uploads\/2016\/02\/Faysal-Mikdat-ve-UNICEF-genel-direkt\u00f6r\u00fc-768x466.jpg 768w, https:\/\/archive.sana.sy\/tr\/wp-content\/uploads\/2016\/02\/Faysal-Mikdat-ve-UNICEF-genel-direkt\u00f6r\u00fc-1024x622.jpg 1024w\" sizes=\"auto, (max-width: 300px) 100vw, 300px\" \/><\/a>\n\t\t\t<\/div><\/figure><figure class='gallery-item'>\n\t\t\t<div class='gallery-icon landscape'>\n\t\t\t\t<a href='https:\/\/archive.sana.sy\/tr\/wp-content\/uploads\/2016\/02\/Faysal-Mikdat-ve-UNICEF-genel-direkt\u00f6r\u00fc-2.jpg'><img loading=\"lazy\" decoding=\"async\" width=\"300\" height=\"206\" src=\"https:\/\/archive.sana.sy\/tr\/wp-content\/uploads\/2016\/02\/Faysal-Mikdat-ve-UNICEF-genel-direkt\u00f6r\u00fc-2-300x206.jpg\" class=\"attachment-medium size-medium\" alt=\"\" srcset=\"https:\/\/archive.sana.sy\/tr\/wp-content\/uploads\/2016\/02\/Faysal-Mikdat-ve-UNICEF-genel-direkt\u00f6r\u00fc-2-300x206.jpg 300w, https:\/\/archive.sana.sy\/tr\/wp-content\/uploads\/2016\/02\/Faysal-Mikdat-ve-UNICEF-genel-direkt\u00f6r\u00fc-2-150x103.jpg 150w, https:\/\/archive.sana.sy\/tr\/wp-content\/uploads\/2016\/02\/Faysal-Mikdat-ve-UNICEF-genel-direkt\u00f6r\u00fc-2-768x527.jpg 768w, https:\/\/archive.sana.sy\/tr\/wp-content\/uploads\/2016\/02\/Faysal-Mikdat-ve-UNICEF-genel-direkt\u00f6r\u00fc-2-1024x703.jpg 1024w, https:\/\/archive.sana.sy\/tr\/wp-content\/uploads\/2016\/02\/Faysal-Mikdat-ve-UNICEF-genel-direkt\u00f6r\u00fc-2-110x75.jpg 110w\" sizes=\"auto, (max-width: 300px) 100vw, 300px\" \/><\/a>\n\t\t\t<\/div><\/figure>\n\t\t<\/div>\n\n","protected":false},"excerpt":{"rendered":"<p>\u015eAM \u2013 D\u0131\u015fi\u015fleri ve Gurbet\u00e7iler Bakan\u0131 Yard\u0131mc\u0131s\u0131 Faysal Mikdat bug\u00fcn Birle\u015fmi\u015f Milletler \u00c7ocuklara Yard\u0131m Fonu (UNICEF) Genel Direkt\u00f6r\u00fc Anthony Lake ve ona e\u015flik eden heyet ile g\u00f6r\u00fc\u015fmesinde; Suriye h\u00fck\u00fcmeti ile UNICEF aras\u0131ndaki i\u015fbirli\u011fi ve koordinasyonu peki\u015ftirme olanaklar\u0131n\u0131 masaya yat\u0131rd\u0131. G\u00f6r\u00fc\u015fmede Mikdat UNICEF\u2019in kriz s\u00fcresince Suriyeli \u00e7ocuklara verdi\u011fi destek ve temin etti\u011fi yard\u0131mlar\u0131 \u00f6verken; Suriye h\u00fck\u00fcmetinin &hellip;<\/p>\n","protected":false},"author":1,"featured_media":63109,"comment_status":"closed","ping_status":"closed","sticky":false,"template":"","format":"standard","meta":{"footnotes":""},"categories":[479,17988,478],"tags":[19574,19575,19576,4123,18728],"class_list":["post-63138","post","type-post","status-publish","format-standard","has-post-thumbnail","","category-haberler-yerel","category-son-haberler","category-yerel","tag-bm-cocuklara-yardim-fonu-unicef-genel-direktoru-anthony","tag-cocuk-esrigeme","tag-cocuk-sagligi","tag-disisleri-ve-gurbetciler-bakani-yardimcisi","tag-faysal-mikdat"],"_links":{"self":[{"href":"https:\/\/archive.sana.sy\/tr\/index.php?rest_route=\/wp\/v2\/posts\/63138","targetHints":{"allow":["GET"]}}],"collection":[{"href":"https:\/\/archive.sana.sy\/tr\/index.php?rest_route=\/wp\/v2\/posts"}],"about":[{"href":"https:\/\/archive.sana.sy\/tr\/index.php?rest_route=\/wp\/v2\/types\/post"}],"author":[{"embeddable":true,"href":"https:\/\/archive.sana.sy\/tr\/index.php?rest_route=\/wp\/v2\/users\/1"}],"replies":[{"embeddable":true,"href":"https:\/\/archive.sana.sy\/tr\/index.php?rest_route=%2Fwp%2Fv2%2Fcomments&post=63138"}],"version-history":[{"count":0,"href":"https:\/\/archive.sana.sy\/tr\/index.php?rest_route=\/wp\/v2\/posts\/63138\/revisions"}],"wp:featuredmedia":[{"embeddable":true,"href":"https:\/\/archive.sana.sy\/tr\/index.php?rest_route=\/wp\/v2\/media\/63109"}],"wp:attachment":[{"href":"https:\/\/archive.sana.sy\/tr\/index.php?rest_route=%2Fwp%2Fv2%2Fmedia&parent=63138"}],"wp:term":[{"taxonomy":"category","embeddable":true,"href":"https:\/\/archive.sana.sy\/tr\/index.php?rest_route=%2Fwp%2Fv2%2Fcategories&post=63138"},{"taxonomy":"post_tag","embeddable":true,"href":"https:\/\/archive.sana.sy\/tr\/index.php?rest_route=%2Fwp%2Fv2%2Ftags&post=63138"}],"curies":[{"name":"wp","href":"https:\/\/api.w.org\/{rel}","templated":true}]}}