{"id":6314,"date":"2014-08-02T09:17:32","date_gmt":"2014-08-02T06:17:32","guid":{"rendered":"http:\/\/www.sana.sy\/tr\/?p=6314"},"modified":"2014-08-02T14:23:12","modified_gmt":"2014-08-02T11:23:12","slug":"stratejik-olarak-savasin-sonucu-vatan-lehine-kesinlesmistir","status":"publish","type":"post","link":"https:\/\/archive.sana.sy\/tr\/?p=6314","title":{"rendered":"Stratejik Olarak Sava\u015f\u0131n Sonucu Vatan Lehine Kesinle\u015fmi\u015ftir"},"content":{"rendered":"<p>\u015eAM \u2013 Ordu ve Silahl\u0131 Kuvvetler Genel Komutan Yard\u0131mc\u0131s\u0131 ve Savunma Bakan\u0131 Korgeneral Fahd Casim el Freyc Suriye&#8217;nin maruz kald\u0131\u011f\u0131 kirli sava\u015f\u0131n, tarih boyunca insanl\u0131\u011f\u0131n tan\u0131k oldu\u011fu en kat\u0131 sava\u015flardan biri oldu\u011funu belirtti.<\/p>\n<p>Suriye Arap Ordusunun 69. Kurulu\u015f Y\u0131ld\u00f6n\u00fcm\u00fc m\u00fcnasebetiyle Suriye televizyonu ile bulundu\u011fu telefon ba\u011flant\u0131s\u0131nda Korgeneral Freyc; Suriye&#8217;nin maruz kald\u0131\u011f\u0131 sava\u015f\u0131n olduk\u00e7a karma\u015f\u0131k ve kompleksli bir sava\u015f oldu\u011funa dikkat \u00e7ekerken; bu sava\u015fta klasik y\u00f6ntemler, gerilla sava\u015f\u0131, kent sava\u015f\u0131 ve her tr\u00fcl\u00fc y\u00f6ntemin bulunmas\u0131na ilaveten askeri, ekonomik, siyasi, diplomatik, istihbarat ve bili\u015fim sava\u015f\u0131ndan ibaret oldu\u011funu belirtti.<\/p>\n<p>Suriye ordusu ve halk\u0131n\u0131n \u00e7okuluslu ter\u00f6re kar\u015f\u0131 sava\u015f\u0131n\u0131 s\u00fcrd\u00fcrme azim ve kararl\u0131l\u0131\u011f\u0131nda oldu\u011funu vurgulayan Freyc; kahraman ordunun kurulu\u015funun ilk an\u0131ndan beri sahip oldu\u011fu ilkeler, ideoloji, de\u011fer ve sorumlulu\u011fu \u00fcstlenme \u0131srar\u0131nda oldu\u011funu ifade etti.<\/p>\n<p>Suriye ordusunun tarihi boyunca onur verici tutumlara imza att\u0131\u011f\u0131na dikkat\u00e7eken Korgeneral Freyc; bu ordunun g\u00fcn\u00fcm\u00fczde tekfirci ve hain ter\u00f6re kar\u015f\u0131 sa\u011flad\u0131\u011f\u0131 zaferleri hi\u00e7 kimsenin g\u00f6z ard\u0131 etmesinin m\u00fcmk\u00fcn olmad\u0131\u011f\u0131n\u0131 s\u00f6yledi.<\/p>\n<p>Korgeneral Freyc Suriye ordusunun Filistin davas\u0131 ve L\u00fcbnan&#8217;a deste\u011finde sa\u011flad\u0131\u011f\u0131 ba\u015far\u0131lara dikkat \u00e7ekerken; Filistin topraklar\u0131 ve L\u00fcbnan&#8217;da direni\u015fin sa\u011flad\u0131\u011f\u0131 ba\u015far\u0131lar\u0131n Suriye ordusu ve y\u00f6netiminin L\u00fcbnanl\u0131 ve Filistinli karde\u015flerimize sa\u011flad\u0131\u011f\u0131 deste\u011fin bir kan\u0131t\u0131 oldu\u011funa vurgu yapt\u0131.<\/p>\n<p>B\u00f6lge ve halklar\u0131na kar\u015f\u0131 dayat\u0131lan sava\u015flara ve bu sava\u015flar\u0131n hedeflerine objektif bir \u015fekilde bak\u0131ld\u0131\u011f\u0131nda Suriye ordusunun oynad\u0131\u011f\u0131 etkin rol\u00fcn idrak edilece\u011fine dikkat \u00e7eken Korgeneral Freyc; Suriye ordusunun taktik ve ba\u015far\u0131lar\u0131n\u0131n d\u00fcnyan\u0131n bir\u00e7ok devletindeki askeri akademilerde e\u011fitim ve ara\u015ft\u0131rma konusu oldu\u011funa i\u015faret etti.<\/p>\n<p>Suriye ordusunun sa\u011flad\u0131\u011f\u0131 ba\u015far\u0131lar arkas\u0131ndaki nedenlere i\u015faret eden Korgeneral Freyc; bunlar\u0131n ba\u015f\u0131nda Suriye&#8217;de halk ordu ve y\u00f6netimin vatan etraf\u0131nda kenetlenmelerinin yer ald\u0131\u011f\u0131n\u0131 s\u00f6yledi.<\/p>\n<p>Suriye ordusunun kendini klasik bir sava\u015fa kar\u015f\u0131 haz\u0131rl\u0131ktan sokak ve gerilla sava\u015f\u0131na haz\u0131rl\u0131\u011fa h\u0131zl\u0131 bir \u015fekilde ge\u00e7ti\u011fine dikkat \u00e7eken Korgeneral Freyc; buna e\u015f zamanl\u0131 olarak her t\u00fcrl\u00fc senaryoya kar\u015f\u0131 da stratejik g\u00fcc\u00fcn\u00fc korumay\u0131 ba\u015fard\u0131\u011f\u0131n\u0131 ifade etti.<\/p>\n<p>Konu\u015fmas\u0131nda Korgeneral Freyc; yanl\u0131\u015f yola sapanlar\u0131 Cumhurba\u015fkan\u0131 Be\u015f\u015far el Esad\u2019\u0131n yemin t\u00f6reninde yapt\u0131\u011f\u0131 konu\u015fmada bulundu\u011fu \u00e7a\u011fr\u0131y\u0131 de\u011ferlendirip silahlar\u0131n\u0131 b\u0131rakma ve vatan kuca\u011f\u0131na d\u00f6nmeye davet etti.<\/p>\n<p>Yurdun muhtelif b\u00f6lgelerinde arta kalan ter\u00f6r \u00e7etelerinin 3 y\u0131l 4 ay boyunca ba\u015faramad\u0131klar\u0131 hedefleri ba\u015faracaklar\u0131na inananlar\u0131n tamamen hayale kap\u0131ld\u0131klar\u0131na dikkat \u00e7eken Korgeneral Freyc; Suriye&#8217;de sava\u015f\u0131n stratejik olarak vatan lehine kesinle\u015fti\u011fini, bunun da kahraman vatan koruyucular\u0131m\u0131z sayesinde oldu\u011funun alt\u0131n\u0131 \u00e7izdi.<\/p>\n<p>Korgeneral Freyc; vatan\u0131 savunma amac\u0131yla silah\u0131n\u0131 ku\u015fanan herkesi selamlarken; Suriye halk\u0131n\u0131n \u0130brahim Hanano, Yusuf el Azma, Sultan Pa\u015fa el Atra\u015f, Salih el Ali, Hasan Harrat ve Suriye tarihinin di\u011fer efsane kahramanlar\u0131n\u0131n torunlar\u0131 olduklar\u0131n\u0131 kan\u0131tlad\u0131klar\u0131na i\u015faret etti.<\/p>\n<p>konu\u015fmas\u0131n\u0131n sonunda Korgeneral Freyc; Ordu ve Silahl\u0131 Kuvvetler Genel Komutan\u0131 Orgeneral el Esad\u2019\u0131 sayg\u0131 ve takdirle selamlarken; vatan u\u011fruna her t\u00fcrl\u00fc fedakarl\u0131kta bulunma, vatan ve vatanda\u015flar\u0131n g\u00fcvenli\u011fini korumaya devam etme ahdinde bulundu.<\/p>\n","protected":false},"excerpt":{"rendered":"<p>\u015eAM \u2013 Ordu ve Silahl\u0131 Kuvvetler Genel Komutan Yard\u0131mc\u0131s\u0131 ve Savunma Bakan\u0131 Korgeneral Fahd Casim el Freyc Suriye&#8217;nin maruz kald\u0131\u011f\u0131 kirli sava\u015f\u0131n, tarih boyunca insanl\u0131\u011f\u0131n tan\u0131k oldu\u011fu en kat\u0131 sava\u015flardan biri oldu\u011funu belirtti. Suriye Arap Ordusunun 69. Kurulu\u015f Y\u0131ld\u00f6n\u00fcm\u00fc m\u00fcnasebetiyle Suriye televizyonu ile bulundu\u011fu telefon ba\u011flant\u0131s\u0131nda Korgeneral Freyc; Suriye&#8217;nin maruz kald\u0131\u011f\u0131 sava\u015f\u0131n olduk\u00e7a karma\u015f\u0131k ve &hellip;<\/p>\n","protected":false},"author":1,"featured_media":6315,"comment_status":"closed","ping_status":"closed","sticky":false,"template":"","format":"standard","meta":{"footnotes":""},"categories":[479,447,478],"tags":[1398],"class_list":["post-6314","post","type-post","status-publish","format-standard","has-post-thumbnail","","category-haberler-yerel","category-politika","category-yerel","tag-stratejik-olarak-savasin-sonucu-vatan-lehine-kesinlesmistir"],"_links":{"self":[{"href":"https:\/\/archive.sana.sy\/tr\/index.php?rest_route=\/wp\/v2\/posts\/6314","targetHints":{"allow":["GET"]}}],"collection":[{"href":"https:\/\/archive.sana.sy\/tr\/index.php?rest_route=\/wp\/v2\/posts"}],"about":[{"href":"https:\/\/archive.sana.sy\/tr\/index.php?rest_route=\/wp\/v2\/types\/post"}],"author":[{"embeddable":true,"href":"https:\/\/archive.sana.sy\/tr\/index.php?rest_route=\/wp\/v2\/users\/1"}],"replies":[{"embeddable":true,"href":"https:\/\/archive.sana.sy\/tr\/index.php?rest_route=%2Fwp%2Fv2%2Fcomments&post=6314"}],"version-history":[{"count":0,"href":"https:\/\/archive.sana.sy\/tr\/index.php?rest_route=\/wp\/v2\/posts\/6314\/revisions"}],"wp:featuredmedia":[{"embeddable":true,"href":"https:\/\/archive.sana.sy\/tr\/index.php?rest_route=\/wp\/v2\/media\/6315"}],"wp:attachment":[{"href":"https:\/\/archive.sana.sy\/tr\/index.php?rest_route=%2Fwp%2Fv2%2Fmedia&parent=6314"}],"wp:term":[{"taxonomy":"category","embeddable":true,"href":"https:\/\/archive.sana.sy\/tr\/index.php?rest_route=%2Fwp%2Fv2%2Fcategories&post=6314"},{"taxonomy":"post_tag","embeddable":true,"href":"https:\/\/archive.sana.sy\/tr\/index.php?rest_route=%2Fwp%2Fv2%2Ftags&post=6314"}],"curies":[{"name":"wp","href":"https:\/\/api.w.org\/{rel}","templated":true}]}}