{"id":63151,"date":"2016-02-29T10:01:27","date_gmt":"2016-02-29T08:01:27","guid":{"rendered":"http:\/\/www.sana.sy\/tr\/?p=63151"},"modified":"2016-02-29T13:50:20","modified_gmt":"2016-02-29T11:50:20","slug":"sanaya-aciklama-yapan-askeri-bir-kaynak-halep-kirsalinda-erdogan-ve-al-suud-rejimlerinin-destek-ve-komutalarinda-faaliyet-gosteren-tekfirci-teroristlere-yonelik-basarilarini-surduren-ordu-bi","status":"publish","type":"post","link":"https:\/\/archive.sana.sy\/tr\/?p=63151","title":{"rendered":"SANA\u2019ya a\u00e7\u0131klama yapan askeri bir kaynak; Halep k\u0131rsal\u0131nda Erdo\u011fan ve Al Suud rejimlerinin destek ve komutalar\u0131nda faaliyet g\u00f6steren tekfirci ter\u00f6ristlere y\u00f6nelik ba\u015far\u0131lar\u0131n\u0131 s\u00fcrd\u00fcren ordu birliklerimizin Hanas\u0131r Beldesinin g\u00fcneyine d\u00fc\u015fen Tellet Hmam Tepesi ve Tellet Hmam K\u00f6y\u00fcn\u00fc tekfirci \u00e7etelerden temizleyip g\u00fcvenlik ve kontrol\u00fc ellerine ge\u00e7irdiklerini belirtti"},"content":{"rendered":"<p>SANA\u2019ya a\u00e7\u0131klama yapan askeri bir kaynak; Halep k\u0131rsal\u0131nda Erdo\u011fan ve Al Suud rejimlerinin destek ve komutalar\u0131nda faaliyet g\u00f6steren tekfirci ter\u00f6ristlere y\u00f6nelik ba\u015far\u0131lar\u0131n\u0131 s\u00fcrd\u00fcren ordu birliklerimizin Hanas\u0131r Beldesinin g\u00fcneyine d\u00fc\u015fen Tellet Hmam Tepesi ve Tellet Hmam K\u00f6y\u00fcn\u00fc tekfirci \u00e7etelerden temizleyip g\u00fcvenlik ve kontrol\u00fc ellerine ge\u00e7irdiklerini belirtti<\/p>\n","protected":false},"excerpt":{"rendered":"<p>SANA\u2019ya a\u00e7\u0131klama yapan askeri bir kaynak; Halep k\u0131rsal\u0131nda Erdo\u011fan ve Al Suud rejimlerinin destek ve komutalar\u0131nda faaliyet g\u00f6steren tekfirci ter\u00f6ristlere y\u00f6nelik ba\u015far\u0131lar\u0131n\u0131 s\u00fcrd\u00fcren ordu birliklerimizin Hanas\u0131r Beldesinin g\u00fcneyine d\u00fc\u015fen Tellet Hmam Tepesi ve Tellet Hmam K\u00f6y\u00fcn\u00fc tekfirci \u00e7etelerden temizleyip g\u00fcvenlik ve kontrol\u00fc ellerine ge\u00e7irdiklerini belirtti<\/p>\n","protected":false},"author":1,"featured_media":0,"comment_status":"closed","ping_status":"closed","sticky":false,"template":"","format":"standard","meta":{"footnotes":""},"categories":[17991],"tags":[],"class_list":["post-63151","post","type-post","status-publish","format-standard","","category-son-dakika"],"_links":{"self":[{"href":"https:\/\/archive.sana.sy\/tr\/index.php?rest_route=\/wp\/v2\/posts\/63151","targetHints":{"allow":["GET"]}}],"collection":[{"href":"https:\/\/archive.sana.sy\/tr\/index.php?rest_route=\/wp\/v2\/posts"}],"about":[{"href":"https:\/\/archive.sana.sy\/tr\/index.php?rest_route=\/wp\/v2\/types\/post"}],"author":[{"embeddable":true,"href":"https:\/\/archive.sana.sy\/tr\/index.php?rest_route=\/wp\/v2\/users\/1"}],"replies":[{"embeddable":true,"href":"https:\/\/archive.sana.sy\/tr\/index.php?rest_route=%2Fwp%2Fv2%2Fcomments&post=63151"}],"version-history":[{"count":0,"href":"https:\/\/archive.sana.sy\/tr\/index.php?rest_route=\/wp\/v2\/posts\/63151\/revisions"}],"wp:attachment":[{"href":"https:\/\/archive.sana.sy\/tr\/index.php?rest_route=%2Fwp%2Fv2%2Fmedia&parent=63151"}],"wp:term":[{"taxonomy":"category","embeddable":true,"href":"https:\/\/archive.sana.sy\/tr\/index.php?rest_route=%2Fwp%2Fv2%2Fcategories&post=63151"},{"taxonomy":"post_tag","embeddable":true,"href":"https:\/\/archive.sana.sy\/tr\/index.php?rest_route=%2Fwp%2Fv2%2Ftags&post=63151"}],"curies":[{"name":"wp","href":"https:\/\/api.w.org\/{rel}","templated":true}]}}