{"id":63182,"date":"2016-02-29T11:55:24","date_gmt":"2016-02-29T09:55:24","guid":{"rendered":"http:\/\/www.sana.sy\/tr\/?p=63182"},"modified":"2016-03-01T15:20:33","modified_gmt":"2016-03-01T13:20:33","slug":"su-ana-dek-saglam-ve-siki-bir-sekilde-devam-ediyor","status":"publish","type":"post","link":"https:\/\/archive.sana.sy\/tr\/?p=63182","title":{"rendered":"\u015eu Ana Dek Sa\u011flam ve S\u0131k\u0131 Bir \u015eekilde Devam Ediyor"},"content":{"rendered":"<p>CENEVRE \u2013 Birle\u015fmi\u015f Milletler Genel Sekreteri Ban Ki-moon Suriye&#8217;de \u00e7at\u0131\u015fmalar\u0131 durdurma anla\u015fmas\u0131n\u0131n izole edilmi\u015f bir k\u0131s\u0131m olaylara ra\u011fmen \u015fu ana dek sa\u011flam ve s\u0131k\u0131 bir \u015fekilde y\u00fcr\u00fcd\u00fc\u011f\u00fcn\u00fc belirtti.<\/p>\n<p>BM Suriye \u00f6zel temsilcisi Staffan de Mistura ile bug\u00fcn d\u00fczenledi\u011fi oturum ard\u0131ndan bas\u0131na a\u00e7\u0131klama yapan Ban; Suriye&#8217;de \u00e7at\u0131\u015fmalar\u0131 durdurma anla\u015fmas\u0131n\u0131n \u015fu ana dek bir k\u0131s\u0131m olaylara ra\u011fmen s\u0131ms\u0131k\u0131 direndi\u011fini s\u00f6yledi. Ban anla\u015fmaya has grup \u00fcyelerinin yan\u0131 s\u0131ra Uluslar aras\u0131 Suriye&#8217;ye Destek Grubu \u00fcyelerinin \u00e7at\u0131\u015fmalar\u0131n daimi bir \u015fekilde durmas\u0131n\u0131 garantileme \u00e7abas\u0131nda olduklar\u0131n\u0131 ifade etti.<\/p>\n","protected":false},"excerpt":{"rendered":"<p>CENEVRE \u2013 Birle\u015fmi\u015f Milletler Genel Sekreteri Ban Ki-moon Suriye&#8217;de \u00e7at\u0131\u015fmalar\u0131 durdurma anla\u015fmas\u0131n\u0131n izole edilmi\u015f bir k\u0131s\u0131m olaylara ra\u011fmen \u015fu ana dek sa\u011flam ve s\u0131k\u0131 bir \u015fekilde y\u00fcr\u00fcd\u00fc\u011f\u00fcn\u00fc belirtti. BM Suriye \u00f6zel temsilcisi Staffan de Mistura ile bug\u00fcn d\u00fczenledi\u011fi oturum ard\u0131ndan bas\u0131na a\u00e7\u0131klama yapan Ban; Suriye&#8217;de \u00e7at\u0131\u015fmalar\u0131 durdurma anla\u015fmas\u0131n\u0131n \u015fu ana dek bir k\u0131s\u0131m olaylara ra\u011fmen &hellip;<\/p>\n","protected":false},"author":1,"featured_media":47586,"comment_status":"closed","ping_status":"closed","sticky":false,"template":"","format":"standard","meta":{"footnotes":""},"categories":[458,459,17988],"tags":[],"class_list":["post-63182","post","type-post","status-publish","format-standard","has-post-thumbnail","","category-dunya1","category-haberler-arap-uluslararasi-politika","category-son-haberler"],"_links":{"self":[{"href":"https:\/\/archive.sana.sy\/tr\/index.php?rest_route=\/wp\/v2\/posts\/63182","targetHints":{"allow":["GET"]}}],"collection":[{"href":"https:\/\/archive.sana.sy\/tr\/index.php?rest_route=\/wp\/v2\/posts"}],"about":[{"href":"https:\/\/archive.sana.sy\/tr\/index.php?rest_route=\/wp\/v2\/types\/post"}],"author":[{"embeddable":true,"href":"https:\/\/archive.sana.sy\/tr\/index.php?rest_route=\/wp\/v2\/users\/1"}],"replies":[{"embeddable":true,"href":"https:\/\/archive.sana.sy\/tr\/index.php?rest_route=%2Fwp%2Fv2%2Fcomments&post=63182"}],"version-history":[{"count":0,"href":"https:\/\/archive.sana.sy\/tr\/index.php?rest_route=\/wp\/v2\/posts\/63182\/revisions"}],"wp:featuredmedia":[{"embeddable":true,"href":"https:\/\/archive.sana.sy\/tr\/index.php?rest_route=\/wp\/v2\/media\/47586"}],"wp:attachment":[{"href":"https:\/\/archive.sana.sy\/tr\/index.php?rest_route=%2Fwp%2Fv2%2Fmedia&parent=63182"}],"wp:term":[{"taxonomy":"category","embeddable":true,"href":"https:\/\/archive.sana.sy\/tr\/index.php?rest_route=%2Fwp%2Fv2%2Fcategories&post=63182"},{"taxonomy":"post_tag","embeddable":true,"href":"https:\/\/archive.sana.sy\/tr\/index.php?rest_route=%2Fwp%2Fv2%2Ftags&post=63182"}],"curies":[{"name":"wp","href":"https:\/\/api.w.org\/{rel}","templated":true}]}}