{"id":63209,"date":"2016-02-29T11:53:15","date_gmt":"2016-02-29T09:53:15","guid":{"rendered":"http:\/\/www.sana.sy\/tr\/?p=63209"},"modified":"2016-03-01T15:20:36","modified_gmt":"2016-03-01T13:20:36","slug":"turkiyeli-aydinlar-erdogan-ve-rejimi-turkiyeyi-felakete-surukluyor","status":"publish","type":"post","link":"https:\/\/archive.sana.sy\/tr\/?p=63209","title":{"rendered":"T\u00fcrkiyeli Ayd\u0131nlar: Erdo\u011fan ve Rejimi T\u00fcrkiye&#8217;yi Felakete S\u00fcr\u00fckl\u00fcyor"},"content":{"rendered":"<p>ANKARA \u2013 Ankara D\u00fc\u015f\u00fcnceye \u00d6zg\u00fcrl\u00fck Giri\u015fimi \u00f6nc\u00fcl\u00fc\u011f\u00fcnde aralar\u0131nda avukat, yazar, edebiyat\u00e7\u0131, doktor, \u015fair ve medyac\u0131lar\u0131n bulundu\u011fu 70&#8217;e yak\u0131n T\u00fcrkiyeli ayd\u0131n; Erdo\u011fan ve rejiminin Suriye&#8217;ye kar\u015f\u0131 politikalar\u0131n\u0131 \u0131rk\u00e7\u0131, fa\u015fist ve tehlikeli olarak nitelendirerek bu politikalar\u0131 k\u0131nad\u0131klar\u0131n\u0131 ifade eden yeni bir bildiri yay\u0131nlad\u0131.<\/p>\n<p>T\u00fcrkiyeli ayd\u0131nlar beyanlar\u0131nda Erdo\u011fan ve rejiminin s\u00f6z konusu politikalar\u0131n\u0131n herkese kar\u015f\u0131 ciddi bir tehlike olu\u015fturdu\u011funu, b\u00f6lge ve d\u00fcnya \u00fclkelerini de T\u00fcrkiye&#8217;ye d\u00fc\u015fman etti\u011fine dikkat \u00e7ekti.<\/p>\n<p>Ayd\u0131nlar bildirilerinde; &#8220;Erdo\u011fan rejimi T\u00fcrkiye&#8217;yi felakete g\u00f6t\u00fcr\u00fcyor. Buna boyun e\u011femeyiz, e\u011fmeyece\u011fiz&#8221; dedi.<\/p>\n<p>\u0130\u00e7lerinde Hasan Cemal, Oya Baydar, Ayd\u0131n Engin gibi isimlerin de yer ald\u0131\u011f\u0131 ayd\u0131nlar bildirilerinde; \u0130MC TV&#8217;nin T\u00fcrksat uydusundan \u00e7\u0131kar\u0131lmas\u0131na ve Recep Tayyip Erdo\u011fan&#8217;\u0131n gazeteci Can D\u00fcndar ve Erdem G\u00fcl&#8217;e tahliye yolu a\u00e7an Anayasa Mahkemesi karar\u0131na y\u00f6nelik &#8220;Karara uymuyorum, sayg\u0131 da duymuyorum&#8221; s\u00f6zlerine tepki g\u00f6sterdiler.<\/p>\n<p>Rejim ba\u015fkan\u0131 Erdo\u011fan\u2019\u0131n T\u00fcrkiye anayasas\u0131 ve mahkemesinin kararlar\u0131na itiraz edip tan\u0131mad\u0131\u011f\u0131n\u0131 ve sayg\u0131 duymad\u0131\u011f\u0131n\u0131 ifade eden a\u00e7\u0131klamalar\u0131n\u0131 ele\u015ftiren ayd\u0131nlar; bu rejimin politikalar\u0131n\u0131n T\u00fcrkiye ve halk\u0131n\u0131 ciddi bir tehlikeye s\u00fcr\u00fckleyen felakete d\u00f6n\u00fc\u015ft\u00fc\u011f\u00fcn\u00fc vurgulad\u0131.<\/p>\n<p>T\u00fcrkiyeli ayd\u0131nlar Erdo\u011fan\u2019\u0131n Suriye ve halk\u0131n\u0131 hedef alan planlarda Suudi Arabistan ve Katar ile i\u015fbirli\u011fine batmas\u0131 nedeniyle en ufak bir ele\u015ftiriyi bile kald\u0131ramaz hale geldi\u011fini, \u00f6zellikle ayd\u0131n ve gazetecileri hedef ald\u0131\u011f\u0131n\u0131 ifade etti.<\/p>\n<p>Ayd\u0131nlar bunlar\u0131n yan\u0131 s\u0131ra, sosyal medya \u00fczerinde denetimi ve sans\u00fcr\u00fc yayg\u0131nla\u015ft\u0131raca\u011f\u0131 \u00f6ne s\u00fcr\u00fclen \u2018sosyal medya anayasas\u0131&#8217;na, Suriye politikas\u0131ndan, TSK mensuplar\u0131na soru\u015fturma a\u00e7\u0131lmas\u0131n\u0131n \u00f6n\u00fcn\u00fc t\u0131kayacak yasa tasar\u0131s\u0131na kadar son d\u00f6nemde ya\u015fanan geli\u015fmelere ili\u015fkin \u2018&#8217;Ba\u015fkanl\u0131k rejimi gelirse b\u00fct\u00fcn bunlar Anayasa ve yasalara uygun hale gelecek&#8221; de\u011ferlendirmesinde bulundular.<\/p>\n<p>T\u00fcrkiyeli ayd\u0131nlar rejim ba\u015fkan\u0131 Erdo\u011fan ve Ba\u015fbakan\u0131 Davuto\u011flu\u2019nun \u0131rk\u00e7\u0131 ve ter\u00f6rist y\u00f6ntemler izlediklerini ifade etti.<\/p>\n","protected":false},"excerpt":{"rendered":"<p>ANKARA \u2013 Ankara D\u00fc\u015f\u00fcnceye \u00d6zg\u00fcrl\u00fck Giri\u015fimi \u00f6nc\u00fcl\u00fc\u011f\u00fcnde aralar\u0131nda avukat, yazar, edebiyat\u00e7\u0131, doktor, \u015fair ve medyac\u0131lar\u0131n bulundu\u011fu 70&#8217;e yak\u0131n T\u00fcrkiyeli ayd\u0131n; Erdo\u011fan ve rejiminin Suriye&#8217;ye kar\u015f\u0131 politikalar\u0131n\u0131 \u0131rk\u00e7\u0131, fa\u015fist ve tehlikeli olarak nitelendirerek bu politikalar\u0131 k\u0131nad\u0131klar\u0131n\u0131 ifade eden yeni bir bildiri yay\u0131nlad\u0131. T\u00fcrkiyeli ayd\u0131nlar beyanlar\u0131nda Erdo\u011fan ve rejiminin s\u00f6z konusu politikalar\u0131n\u0131n herkese kar\u015f\u0131 ciddi bir tehlike &hellip;<\/p>\n","protected":false},"author":1,"featured_media":63210,"comment_status":"closed","ping_status":"closed","sticky":false,"template":"","format":"standard","meta":{"footnotes":""},"categories":[17988,2554,2555],"tags":[19583],"class_list":["post-63209","post","type-post","status-publish","format-standard","has-post-thumbnail","","category-son-haberler","category-suriye-ve-dunya","category-suriye-ve-turkiye","tag-turkiyeli-aydinlar-erdogan-ve-rejimi-turkiyeyi-felakete-surukluyor"],"_links":{"self":[{"href":"https:\/\/archive.sana.sy\/tr\/index.php?rest_route=\/wp\/v2\/posts\/63209","targetHints":{"allow":["GET"]}}],"collection":[{"href":"https:\/\/archive.sana.sy\/tr\/index.php?rest_route=\/wp\/v2\/posts"}],"about":[{"href":"https:\/\/archive.sana.sy\/tr\/index.php?rest_route=\/wp\/v2\/types\/post"}],"author":[{"embeddable":true,"href":"https:\/\/archive.sana.sy\/tr\/index.php?rest_route=\/wp\/v2\/users\/1"}],"replies":[{"embeddable":true,"href":"https:\/\/archive.sana.sy\/tr\/index.php?rest_route=%2Fwp%2Fv2%2Fcomments&post=63209"}],"version-history":[{"count":0,"href":"https:\/\/archive.sana.sy\/tr\/index.php?rest_route=\/wp\/v2\/posts\/63209\/revisions"}],"wp:featuredmedia":[{"embeddable":true,"href":"https:\/\/archive.sana.sy\/tr\/index.php?rest_route=\/wp\/v2\/media\/63210"}],"wp:attachment":[{"href":"https:\/\/archive.sana.sy\/tr\/index.php?rest_route=%2Fwp%2Fv2%2Fmedia&parent=63209"}],"wp:term":[{"taxonomy":"category","embeddable":true,"href":"https:\/\/archive.sana.sy\/tr\/index.php?rest_route=%2Fwp%2Fv2%2Fcategories&post=63209"},{"taxonomy":"post_tag","embeddable":true,"href":"https:\/\/archive.sana.sy\/tr\/index.php?rest_route=%2Fwp%2Fv2%2Ftags&post=63209"}],"curies":[{"name":"wp","href":"https:\/\/api.w.org\/{rel}","templated":true}]}}