{"id":63229,"date":"2016-02-29T19:14:11","date_gmt":"2016-02-29T17:14:11","guid":{"rendered":"http:\/\/www.sana.sy\/tr\/?p=63229"},"modified":"2016-03-01T15:20:22","modified_gmt":"2016-03-01T13:20:22","slug":"en-buyuk-tehdit-teror-eylemleri-ve-yanlis-anlasilmalar","status":"publish","type":"post","link":"https:\/\/archive.sana.sy\/tr\/?p=63229","title":{"rendered":"En B\u00fcy\u00fck Tehdit Ter\u00f6r Eylemleri ve Yanl\u0131\u015f Anla\u015f\u0131lmalar"},"content":{"rendered":"<p>ROMA \u2013 BM Suriye \u00f6zel temsilcisi Staffan de Mistura; Suriye&#8217;de \u00e7at\u0131\u015fmalar\u0131 durdurma anla\u015fmas\u0131na en b\u00fcy\u00fck tehdidin, anla\u015fman\u0131n kapsamad\u0131\u011f\u0131 I\u015e\u0130D ve Nusra Cephesi oldu\u011funu belirtti.<\/p>\n<p>\u0130talyan bir gazeteye r\u00f6portaj veren de Mistura; ter\u00f6r eylemleri yada ola\u011fan veya yanl\u0131\u015f anla\u015f\u0131lma sonucunda yap\u0131lan k\u00fc\u00e7\u00fck ihlaller sonucunda bu anla\u015fman\u0131n sabote edilmesi tehlikesine kar\u015f\u0131 uyar\u0131da bulundu. De Mistura Suriye&#8217;de herhangi bir taraf\u0131n di\u011fer tarafa kar\u015f\u0131 \u00e7\u0131karlar\u0131n\u0131 kollayan bir anla\u015fmadan s\u00f6z etmenin m\u00fcmk\u00fcn olmad\u0131\u011f\u0131na dikkat \u00e7ekerken, \u00e7at\u0131\u015fmalar\u0131 durdurma anla\u015fmas\u0131n\u0131n t\u00fcm taraflar\u0131n \u00e7\u0131karlar\u0131na hizmet etti\u011fine i\u015faret etti.<\/p>\n<p>Bat\u0131l\u0131 kimi devletlerin yan\u0131 s\u0131ra b\u00f6lgedeki ta\u015feronlar\u0131 gibi I\u015e\u0130D ve Nusra Cephesine tabi olan \u00e7okuluslu tekfirci ter\u00f6ristlere yine \u2018Suriyeli silahl\u0131 muhalifler\u2019 ya da \u2018\u0131l\u0131ml\u0131 muhalifler\u2019 ad\u0131n\u0131 veren de Mistura Suriye&#8217;de durumlar\u0131n olduk\u00e7a karma\u015f\u0131k olmas\u0131na ra\u011fmen BM\u2019nin izledi\u011fi y\u00f6ntemin kendi tabiriyle umut verici oldu\u011funu s\u00f6yledi.<\/p>\n","protected":false},"excerpt":{"rendered":"<p>ROMA \u2013 BM Suriye \u00f6zel temsilcisi Staffan de Mistura; Suriye&#8217;de \u00e7at\u0131\u015fmalar\u0131 durdurma anla\u015fmas\u0131na en b\u00fcy\u00fck tehdidin, anla\u015fman\u0131n kapsamad\u0131\u011f\u0131 I\u015e\u0130D ve Nusra Cephesi oldu\u011funu belirtti. \u0130talyan bir gazeteye r\u00f6portaj veren de Mistura; ter\u00f6r eylemleri yada ola\u011fan veya yanl\u0131\u015f anla\u015f\u0131lma sonucunda yap\u0131lan k\u00fc\u00e7\u00fck ihlaller sonucunda bu anla\u015fman\u0131n sabote edilmesi tehlikesine kar\u015f\u0131 uyar\u0131da bulundu. De Mistura Suriye&#8217;de herhangi &hellip;<\/p>\n","protected":false},"author":1,"featured_media":59063,"comment_status":"closed","ping_status":"closed","sticky":false,"template":"","format":"standard","meta":{"footnotes":""},"categories":[458,459,17988],"tags":[18443],"class_list":["post-63229","post","type-post","status-publish","format-standard","has-post-thumbnail","","category-dunya1","category-haberler-arap-uluslararasi-politika","category-son-haberler","tag-bm-suriye-ozel-temsilcisi-staffan-de-mistura"],"_links":{"self":[{"href":"https:\/\/archive.sana.sy\/tr\/index.php?rest_route=\/wp\/v2\/posts\/63229","targetHints":{"allow":["GET"]}}],"collection":[{"href":"https:\/\/archive.sana.sy\/tr\/index.php?rest_route=\/wp\/v2\/posts"}],"about":[{"href":"https:\/\/archive.sana.sy\/tr\/index.php?rest_route=\/wp\/v2\/types\/post"}],"author":[{"embeddable":true,"href":"https:\/\/archive.sana.sy\/tr\/index.php?rest_route=\/wp\/v2\/users\/1"}],"replies":[{"embeddable":true,"href":"https:\/\/archive.sana.sy\/tr\/index.php?rest_route=%2Fwp%2Fv2%2Fcomments&post=63229"}],"version-history":[{"count":0,"href":"https:\/\/archive.sana.sy\/tr\/index.php?rest_route=\/wp\/v2\/posts\/63229\/revisions"}],"wp:featuredmedia":[{"embeddable":true,"href":"https:\/\/archive.sana.sy\/tr\/index.php?rest_route=\/wp\/v2\/media\/59063"}],"wp:attachment":[{"href":"https:\/\/archive.sana.sy\/tr\/index.php?rest_route=%2Fwp%2Fv2%2Fmedia&parent=63229"}],"wp:term":[{"taxonomy":"category","embeddable":true,"href":"https:\/\/archive.sana.sy\/tr\/index.php?rest_route=%2Fwp%2Fv2%2Fcategories&post=63229"},{"taxonomy":"post_tag","embeddable":true,"href":"https:\/\/archive.sana.sy\/tr\/index.php?rest_route=%2Fwp%2Fv2%2Ftags&post=63229"}],"curies":[{"name":"wp","href":"https:\/\/api.w.org\/{rel}","templated":true}]}}