{"id":63279,"date":"2016-03-01T11:50:16","date_gmt":"2016-03-01T09:50:16","guid":{"rendered":"http:\/\/www.sana.sy\/tr\/?p=63279"},"modified":"2016-03-01T13:47:29","modified_gmt":"2016-03-01T11:47:29","slug":"askeri-kaynak-hava-guclerimizin-deyrezzor-kirsalinin-cafra-ve-beyt-dgaym-bolgelerinin-yani-sira-homs-kirsalinin-guneydogusu-karyeteyn-kentinde-isid-orgutune-ait-bircok-karargahi-ihtiva-ettikleri-teror","status":"publish","type":"post","link":"https:\/\/archive.sana.sy\/tr\/?p=63279","title":{"rendered":"Askeri kaynak hava g\u00fc\u00e7lerimizin Deyrezzor k\u0131rsal\u0131n\u0131n Cafra ve Beyt D\u011faym b\u00f6lgelerinin yan\u0131 s\u0131ra Homs k\u0131rsal\u0131n\u0131n g\u00fcneydo\u011fusu Karyeteyn Kentinde I\u015e\u0130D \u00f6rg\u00fct\u00fcne ait bir\u00e7ok karargah\u0131 ihtiva ettikleri ter\u00f6ristler ve cephaneyle birlikte imha ettiklerini belirtti"},"content":{"rendered":"<p>Askeri kaynak hava g\u00fc\u00e7lerimizin Deyrezzor k\u0131rsal\u0131n\u0131n Cafra ve Beyt D\u011faym b\u00f6lgelerinin yan\u0131 s\u0131ra Homs k\u0131rsal\u0131n\u0131n g\u00fcneydo\u011fusu Karyeteyn Kentinde I\u015e\u0130D \u00f6rg\u00fct\u00fcne ait bir\u00e7ok karargah\u0131 ihtiva ettikleri ter\u00f6ristler ve cephaneyle birlikte imha ettiklerini belirtti<\/p>\n","protected":false},"excerpt":{"rendered":"<p>Askeri kaynak hava g\u00fc\u00e7lerimizin Deyrezzor k\u0131rsal\u0131n\u0131n Cafra ve Beyt D\u011faym b\u00f6lgelerinin yan\u0131 s\u0131ra Homs k\u0131rsal\u0131n\u0131n g\u00fcneydo\u011fusu Karyeteyn Kentinde I\u015e\u0130D \u00f6rg\u00fct\u00fcne ait bir\u00e7ok karargah\u0131 ihtiva ettikleri ter\u00f6ristler ve cephaneyle birlikte imha ettiklerini belirtti<\/p>\n","protected":false},"author":1,"featured_media":0,"comment_status":"closed","ping_status":"closed","sticky":false,"template":"","format":"standard","meta":{"footnotes":""},"categories":[17991],"tags":[],"class_list":["post-63279","post","type-post","status-publish","format-standard","","category-son-dakika"],"_links":{"self":[{"href":"https:\/\/archive.sana.sy\/tr\/index.php?rest_route=\/wp\/v2\/posts\/63279","targetHints":{"allow":["GET"]}}],"collection":[{"href":"https:\/\/archive.sana.sy\/tr\/index.php?rest_route=\/wp\/v2\/posts"}],"about":[{"href":"https:\/\/archive.sana.sy\/tr\/index.php?rest_route=\/wp\/v2\/types\/post"}],"author":[{"embeddable":true,"href":"https:\/\/archive.sana.sy\/tr\/index.php?rest_route=\/wp\/v2\/users\/1"}],"replies":[{"embeddable":true,"href":"https:\/\/archive.sana.sy\/tr\/index.php?rest_route=%2Fwp%2Fv2%2Fcomments&post=63279"}],"version-history":[{"count":0,"href":"https:\/\/archive.sana.sy\/tr\/index.php?rest_route=\/wp\/v2\/posts\/63279\/revisions"}],"wp:attachment":[{"href":"https:\/\/archive.sana.sy\/tr\/index.php?rest_route=%2Fwp%2Fv2%2Fmedia&parent=63279"}],"wp:term":[{"taxonomy":"category","embeddable":true,"href":"https:\/\/archive.sana.sy\/tr\/index.php?rest_route=%2Fwp%2Fv2%2Fcategories&post=63279"},{"taxonomy":"post_tag","embeddable":true,"href":"https:\/\/archive.sana.sy\/tr\/index.php?rest_route=%2Fwp%2Fv2%2Ftags&post=63279"}],"curies":[{"name":"wp","href":"https:\/\/api.w.org\/{rel}","templated":true}]}}