{"id":63294,"date":"2016-03-01T14:08:15","date_gmt":"2016-03-01T12:08:15","guid":{"rendered":"http:\/\/www.sana.sy\/tr\/?p=63294"},"modified":"2016-03-01T14:08:00","modified_gmt":"2016-03-01T12:08:00","slug":"silah-tasiyanlarin-yeniden-sivil-hayata-donmeleri-ve-devlet-tarafindan-kabul-edilmeleri-icin-ne-yapmalari-gerektigi-sorusuna-cevabinda-el-esad-sadece-ve-sadece-silahini-birakmalari-gerektigini-belirt","status":"publish","type":"post","link":"https:\/\/archive.sana.sy\/tr\/?p=63294","title":{"rendered":"Silah ta\u015f\u0131yanlar\u0131n yeniden sivil hayata d\u00f6nmeleri ve devlet taraf\u0131ndan kabul edilmeleri i\u00e7in ne yapmalar\u0131 gerekti\u011fi sorusuna cevab\u0131nda el Esad; sadece ve sadece silah\u0131n\u0131 b\u0131rakmalar\u0131 gerekti\u011fini belirtti"},"content":{"rendered":"<p>Silah ta\u015f\u0131yanlar\u0131n yeniden sivil hayata d\u00f6nmeleri ve devlet taraf\u0131ndan kabul edilmeleri i\u00e7in ne yapmalar\u0131 gerekti\u011fi sorusuna cevab\u0131nda el Esad; sadece ve sadece silah\u0131n\u0131 b\u0131rakmalar\u0131 gerekti\u011fini belirtti<\/p>\n","protected":false},"excerpt":{"rendered":"<p>Silah ta\u015f\u0131yanlar\u0131n yeniden sivil hayata d\u00f6nmeleri ve devlet taraf\u0131ndan kabul edilmeleri i\u00e7in ne yapmalar\u0131 gerekti\u011fi sorusuna cevab\u0131nda el Esad; sadece ve sadece silah\u0131n\u0131 b\u0131rakmalar\u0131 gerekti\u011fini belirtti<\/p>\n","protected":false},"author":1,"featured_media":0,"comment_status":"closed","ping_status":"closed","sticky":false,"template":"","format":"standard","meta":{"footnotes":""},"categories":[17991],"tags":[],"class_list":["post-63294","post","type-post","status-publish","format-standard","","category-son-dakika"],"_links":{"self":[{"href":"https:\/\/archive.sana.sy\/tr\/index.php?rest_route=\/wp\/v2\/posts\/63294","targetHints":{"allow":["GET"]}}],"collection":[{"href":"https:\/\/archive.sana.sy\/tr\/index.php?rest_route=\/wp\/v2\/posts"}],"about":[{"href":"https:\/\/archive.sana.sy\/tr\/index.php?rest_route=\/wp\/v2\/types\/post"}],"author":[{"embeddable":true,"href":"https:\/\/archive.sana.sy\/tr\/index.php?rest_route=\/wp\/v2\/users\/1"}],"replies":[{"embeddable":true,"href":"https:\/\/archive.sana.sy\/tr\/index.php?rest_route=%2Fwp%2Fv2%2Fcomments&post=63294"}],"version-history":[{"count":0,"href":"https:\/\/archive.sana.sy\/tr\/index.php?rest_route=\/wp\/v2\/posts\/63294\/revisions"}],"wp:attachment":[{"href":"https:\/\/archive.sana.sy\/tr\/index.php?rest_route=%2Fwp%2Fv2%2Fmedia&parent=63294"}],"wp:term":[{"taxonomy":"category","embeddable":true,"href":"https:\/\/archive.sana.sy\/tr\/index.php?rest_route=%2Fwp%2Fv2%2Fcategories&post=63294"},{"taxonomy":"post_tag","embeddable":true,"href":"https:\/\/archive.sana.sy\/tr\/index.php?rest_route=%2Fwp%2Fv2%2Ftags&post=63294"}],"curies":[{"name":"wp","href":"https:\/\/api.w.org\/{rel}","templated":true}]}}