{"id":63298,"date":"2016-03-01T14:16:23","date_gmt":"2016-03-01T12:16:23","guid":{"rendered":"http:\/\/www.sana.sy\/tr\/?p=63298"},"modified":"2016-03-01T14:10:52","modified_gmt":"2016-03-01T12:10:52","slug":"el-esad-silahlarini-birakmalari-ardindan-da-isteyen-her-suriyelinin-siyasi-surece-katilabilecegini-de-vurguladi","status":"publish","type":"post","link":"https:\/\/archive.sana.sy\/tr\/?p=63298","title":{"rendered":"El Esad silahlar\u0131n\u0131 b\u0131rakmalar\u0131 ard\u0131ndan da isteyen her Suriyelinin siyasi s\u00fcrece kat\u0131labilece\u011fini de vurgulad\u0131"},"content":{"rendered":"<p>El Esad silahlar\u0131n\u0131 b\u0131rakmalar\u0131 ard\u0131ndan da isteyen her Suriyelinin siyasi s\u00fcrece kat\u0131labilece\u011fini de vurgulad\u0131<\/p>\n","protected":false},"excerpt":{"rendered":"<p>El Esad silahlar\u0131n\u0131 b\u0131rakmalar\u0131 ard\u0131ndan da isteyen her Suriyelinin siyasi s\u00fcrece kat\u0131labilece\u011fini de vurgulad\u0131<\/p>\n","protected":false},"author":1,"featured_media":0,"comment_status":"closed","ping_status":"closed","sticky":false,"template":"","format":"standard","meta":{"footnotes":""},"categories":[17991],"tags":[],"class_list":["post-63298","post","type-post","status-publish","format-standard","","category-son-dakika"],"_links":{"self":[{"href":"https:\/\/archive.sana.sy\/tr\/index.php?rest_route=\/wp\/v2\/posts\/63298","targetHints":{"allow":["GET"]}}],"collection":[{"href":"https:\/\/archive.sana.sy\/tr\/index.php?rest_route=\/wp\/v2\/posts"}],"about":[{"href":"https:\/\/archive.sana.sy\/tr\/index.php?rest_route=\/wp\/v2\/types\/post"}],"author":[{"embeddable":true,"href":"https:\/\/archive.sana.sy\/tr\/index.php?rest_route=\/wp\/v2\/users\/1"}],"replies":[{"embeddable":true,"href":"https:\/\/archive.sana.sy\/tr\/index.php?rest_route=%2Fwp%2Fv2%2Fcomments&post=63298"}],"version-history":[{"count":0,"href":"https:\/\/archive.sana.sy\/tr\/index.php?rest_route=\/wp\/v2\/posts\/63298\/revisions"}],"wp:attachment":[{"href":"https:\/\/archive.sana.sy\/tr\/index.php?rest_route=%2Fwp%2Fv2%2Fmedia&parent=63298"}],"wp:term":[{"taxonomy":"category","embeddable":true,"href":"https:\/\/archive.sana.sy\/tr\/index.php?rest_route=%2Fwp%2Fv2%2Fcategories&post=63298"},{"taxonomy":"post_tag","embeddable":true,"href":"https:\/\/archive.sana.sy\/tr\/index.php?rest_route=%2Fwp%2Fv2%2Ftags&post=63298"}],"curies":[{"name":"wp","href":"https:\/\/api.w.org\/{rel}","templated":true}]}}