{"id":63300,"date":"2016-03-01T14:21:39","date_gmt":"2016-03-01T12:21:39","guid":{"rendered":"http:\/\/www.sana.sy\/tr\/?p=63300"},"modified":"2016-03-01T14:12:59","modified_gmt":"2016-03-01T12:12:59","slug":"daha-once-binlerce-kisinin-silahini-birakip-genel-aftan-faydalandigina-isaret-eden-el-esad-bunlarin-bir-kisminin-yeniden-suriye-ordusuna-katildiklarini-bir-kisminin-siyasi-surece-girdiklerini-geriy","status":"publish","type":"post","link":"https:\/\/archive.sana.sy\/tr\/?p=63300","title":{"rendered":"Daha \u00f6nce binlerce ki\u015finin silah\u0131n\u0131 b\u0131rak\u0131p genel aftan faydaland\u0131\u011f\u0131na i\u015faret eden el Esad, bunlar\u0131n bir k\u0131sm\u0131n\u0131n yeniden Suriye ordusuna kat\u0131ld\u0131klar\u0131n\u0131, bir k\u0131sm\u0131n\u0131n siyasi s\u00fcrece girdiklerini, geriye kalanlar\u0131n ise g\u00fcnl\u00fck ya\u015famlar\u0131n\u0131 normal bir \u015fekilde s\u00fcrd\u00fcrd\u00fcklerini ifade etti"},"content":{"rendered":"<p>Daha \u00f6nce binlerce ki\u015finin silah\u0131n\u0131 b\u0131rak\u0131p genel aftan faydaland\u0131\u011f\u0131na i\u015faret eden el Esad, bunlar\u0131n bir k\u0131sm\u0131n\u0131n yeniden Suriye ordusuna kat\u0131ld\u0131klar\u0131n\u0131, bir k\u0131sm\u0131n\u0131n siyasi s\u00fcrece girdiklerini, geriye kalanlar\u0131n ise g\u00fcnl\u00fck ya\u015famlar\u0131n\u0131 normal bir \u015fekilde s\u00fcrd\u00fcrd\u00fcklerini ifade etti<\/p>\n","protected":false},"excerpt":{"rendered":"<p>Daha \u00f6nce binlerce ki\u015finin silah\u0131n\u0131 b\u0131rak\u0131p genel aftan faydaland\u0131\u011f\u0131na i\u015faret eden el Esad, bunlar\u0131n bir k\u0131sm\u0131n\u0131n yeniden Suriye ordusuna kat\u0131ld\u0131klar\u0131n\u0131, bir k\u0131sm\u0131n\u0131n siyasi s\u00fcrece girdiklerini, geriye kalanlar\u0131n ise g\u00fcnl\u00fck ya\u015famlar\u0131n\u0131 normal bir \u015fekilde s\u00fcrd\u00fcrd\u00fcklerini ifade etti<\/p>\n","protected":false},"author":1,"featured_media":0,"comment_status":"closed","ping_status":"closed","sticky":false,"template":"","format":"standard","meta":{"footnotes":""},"categories":[17991],"tags":[],"class_list":["post-63300","post","type-post","status-publish","format-standard","","category-son-dakika"],"_links":{"self":[{"href":"https:\/\/archive.sana.sy\/tr\/index.php?rest_route=\/wp\/v2\/posts\/63300","targetHints":{"allow":["GET"]}}],"collection":[{"href":"https:\/\/archive.sana.sy\/tr\/index.php?rest_route=\/wp\/v2\/posts"}],"about":[{"href":"https:\/\/archive.sana.sy\/tr\/index.php?rest_route=\/wp\/v2\/types\/post"}],"author":[{"embeddable":true,"href":"https:\/\/archive.sana.sy\/tr\/index.php?rest_route=\/wp\/v2\/users\/1"}],"replies":[{"embeddable":true,"href":"https:\/\/archive.sana.sy\/tr\/index.php?rest_route=%2Fwp%2Fv2%2Fcomments&post=63300"}],"version-history":[{"count":0,"href":"https:\/\/archive.sana.sy\/tr\/index.php?rest_route=\/wp\/v2\/posts\/63300\/revisions"}],"wp:attachment":[{"href":"https:\/\/archive.sana.sy\/tr\/index.php?rest_route=%2Fwp%2Fv2%2Fmedia&parent=63300"}],"wp:term":[{"taxonomy":"category","embeddable":true,"href":"https:\/\/archive.sana.sy\/tr\/index.php?rest_route=%2Fwp%2Fv2%2Fcategories&post=63300"},{"taxonomy":"post_tag","embeddable":true,"href":"https:\/\/archive.sana.sy\/tr\/index.php?rest_route=%2Fwp%2Fv2%2Ftags&post=63300"}],"curies":[{"name":"wp","href":"https:\/\/api.w.org\/{rel}","templated":true}]}}