{"id":63305,"date":"2016-03-01T14:25:19","date_gmt":"2016-03-01T12:25:19","guid":{"rendered":"http:\/\/www.sana.sy\/tr\/?p=63305"},"modified":"2016-03-01T14:21:04","modified_gmt":"2016-03-01T12:21:04","slug":"lazkiye-kirsalinda-saha-kaynaklari-erdogan-ve-rejiminin-her-turlu-destegi-temin-ettikleri-tekfirci-teror-cetelerinin-lazkiye-kirsalinin-kensabba-beldesinde-saha-incelemelerinde-bulunan-rus-ve-daha-bas","status":"publish","type":"post","link":"https:\/\/archive.sana.sy\/tr\/?p=63305","title":{"rendered":"Lazkiye k\u0131rsal\u0131nda saha kaynaklar\u0131 Erdo\u011fan ve rejiminin her t\u00fcrl\u00fc deste\u011fi temin ettikleri tekfirci ter\u00f6r \u00e7etelerinin Lazkiye k\u0131rsal\u0131n\u0131n Kensabba Beldesinde saha incelemelerinde bulunan Rus ve daha ba\u015fka yabanc\u0131 gazeteciler ekibine sald\u0131rd\u0131klar\u0131n\u0131 belirtti"},"content":{"rendered":"<p>Lazkiye k\u0131rsal\u0131nda saha kaynaklar\u0131 Erdo\u011fan ve rejiminin her t\u00fcrl\u00fc deste\u011fi temin ettikleri tekfirci ter\u00f6r \u00e7etelerinin Lazkiye k\u0131rsal\u0131n\u0131n Kensabba Beldesinde saha incelemelerinde bulunan Rus ve daha ba\u015fka yabanc\u0131 gazeteciler ekibine sald\u0131rd\u0131klar\u0131n\u0131 belirtti<\/p>\n","protected":false},"excerpt":{"rendered":"<p>Lazkiye k\u0131rsal\u0131nda saha kaynaklar\u0131 Erdo\u011fan ve rejiminin her t\u00fcrl\u00fc deste\u011fi temin ettikleri tekfirci ter\u00f6r \u00e7etelerinin Lazkiye k\u0131rsal\u0131n\u0131n Kensabba Beldesinde saha incelemelerinde bulunan Rus ve daha ba\u015fka yabanc\u0131 gazeteciler ekibine sald\u0131rd\u0131klar\u0131n\u0131 belirtti<\/p>\n","protected":false},"author":1,"featured_media":0,"comment_status":"closed","ping_status":"closed","sticky":false,"template":"","format":"standard","meta":{"footnotes":""},"categories":[17991],"tags":[],"class_list":["post-63305","post","type-post","status-publish","format-standard","","category-son-dakika"],"_links":{"self":[{"href":"https:\/\/archive.sana.sy\/tr\/index.php?rest_route=\/wp\/v2\/posts\/63305","targetHints":{"allow":["GET"]}}],"collection":[{"href":"https:\/\/archive.sana.sy\/tr\/index.php?rest_route=\/wp\/v2\/posts"}],"about":[{"href":"https:\/\/archive.sana.sy\/tr\/index.php?rest_route=\/wp\/v2\/types\/post"}],"author":[{"embeddable":true,"href":"https:\/\/archive.sana.sy\/tr\/index.php?rest_route=\/wp\/v2\/users\/1"}],"replies":[{"embeddable":true,"href":"https:\/\/archive.sana.sy\/tr\/index.php?rest_route=%2Fwp%2Fv2%2Fcomments&post=63305"}],"version-history":[{"count":0,"href":"https:\/\/archive.sana.sy\/tr\/index.php?rest_route=\/wp\/v2\/posts\/63305\/revisions"}],"wp:attachment":[{"href":"https:\/\/archive.sana.sy\/tr\/index.php?rest_route=%2Fwp%2Fv2%2Fmedia&parent=63305"}],"wp:term":[{"taxonomy":"category","embeddable":true,"href":"https:\/\/archive.sana.sy\/tr\/index.php?rest_route=%2Fwp%2Fv2%2Fcategories&post=63305"},{"taxonomy":"post_tag","embeddable":true,"href":"https:\/\/archive.sana.sy\/tr\/index.php?rest_route=%2Fwp%2Fv2%2Ftags&post=63305"}],"curies":[{"name":"wp","href":"https:\/\/api.w.org\/{rel}","templated":true}]}}