{"id":63307,"date":"2016-03-01T13:35:35","date_gmt":"2016-03-01T11:35:35","guid":{"rendered":"http:\/\/www.sana.sy\/tr\/?p=63307"},"modified":"2016-03-01T14:17:54","modified_gmt":"2016-03-01T12:17:54","slug":"rusya-disisleri-bakani-lavrov-insan-haklari-ve-daha-baska-alanlarda-gorev-yapan-uluslar-arasi-orgutlerin-calismalarinda-tarafsiz-olmadiklarinin-altini-cizerken-uluslar-arasi-silahlanmayi-yasaklama-o","status":"publish","type":"post","link":"https:\/\/archive.sana.sy\/tr\/?p=63307","title":{"rendered":"Rusya D\u0131\u015fi\u015fleri Bakan\u0131 Lavrov; insan haklar\u0131 ve daha ba\u015fka alanlarda g\u00f6rev yapan uluslar aras\u0131 \u00f6rg\u00fctlerin \u00e7al\u0131\u015fmalar\u0131nda tarafs\u0131z olmad\u0131klar\u0131n\u0131n alt\u0131n\u0131 \u00e7izerken, uluslar aras\u0131 silahlanmay\u0131 yasaklama \u00f6rg\u00fct\u00fcn\u00fcn de I\u015e\u0130D, Nusra Cephesi ve daha ba\u015fka ter\u00f6r \u00f6rg\u00fctlerin silahlanmalar\u0131n\u0131 engellemedi\u011finin alt\u0131n\u0131 \u00e7izdi"},"content":{"rendered":"<p>Rusya D\u0131\u015fi\u015fleri Bakan\u0131 Lavrov; insan haklar\u0131 ve daha ba\u015fka alanlarda g\u00f6rev yapan uluslar aras\u0131 \u00f6rg\u00fctlerin \u00e7al\u0131\u015fmalar\u0131nda tarafs\u0131z olmad\u0131klar\u0131n\u0131n alt\u0131n\u0131 \u00e7izerken, uluslar aras\u0131 silahlanmay\u0131 yasaklama \u00f6rg\u00fct\u00fcn\u00fcn de I\u015e\u0130D, Nusra Cephesi ve daha ba\u015fka ter\u00f6r \u00f6rg\u00fctlerin silahlanmalar\u0131n\u0131 engellemedi\u011finin alt\u0131n\u0131 \u00e7izdi<\/p>\n","protected":false},"excerpt":{"rendered":"<p>Rusya D\u0131\u015fi\u015fleri Bakan\u0131 Lavrov; insan haklar\u0131 ve daha ba\u015fka alanlarda g\u00f6rev yapan uluslar aras\u0131 \u00f6rg\u00fctlerin \u00e7al\u0131\u015fmalar\u0131nda tarafs\u0131z olmad\u0131klar\u0131n\u0131n alt\u0131n\u0131 \u00e7izerken, uluslar aras\u0131 silahlanmay\u0131 yasaklama \u00f6rg\u00fct\u00fcn\u00fcn de I\u015e\u0130D, Nusra Cephesi ve daha ba\u015fka ter\u00f6r \u00f6rg\u00fctlerin silahlanmalar\u0131n\u0131 engellemedi\u011finin alt\u0131n\u0131 \u00e7izdi<\/p>\n","protected":false},"author":1,"featured_media":0,"comment_status":"closed","ping_status":"closed","sticky":false,"template":"","format":"standard","meta":{"footnotes":""},"categories":[17991],"tags":[],"class_list":["post-63307","post","type-post","status-publish","format-standard","","category-son-dakika"],"_links":{"self":[{"href":"https:\/\/archive.sana.sy\/tr\/index.php?rest_route=\/wp\/v2\/posts\/63307","targetHints":{"allow":["GET"]}}],"collection":[{"href":"https:\/\/archive.sana.sy\/tr\/index.php?rest_route=\/wp\/v2\/posts"}],"about":[{"href":"https:\/\/archive.sana.sy\/tr\/index.php?rest_route=\/wp\/v2\/types\/post"}],"author":[{"embeddable":true,"href":"https:\/\/archive.sana.sy\/tr\/index.php?rest_route=\/wp\/v2\/users\/1"}],"replies":[{"embeddable":true,"href":"https:\/\/archive.sana.sy\/tr\/index.php?rest_route=%2Fwp%2Fv2%2Fcomments&post=63307"}],"version-history":[{"count":0,"href":"https:\/\/archive.sana.sy\/tr\/index.php?rest_route=\/wp\/v2\/posts\/63307\/revisions"}],"wp:attachment":[{"href":"https:\/\/archive.sana.sy\/tr\/index.php?rest_route=%2Fwp%2Fv2%2Fmedia&parent=63307"}],"wp:term":[{"taxonomy":"category","embeddable":true,"href":"https:\/\/archive.sana.sy\/tr\/index.php?rest_route=%2Fwp%2Fv2%2Fcategories&post=63307"},{"taxonomy":"post_tag","embeddable":true,"href":"https:\/\/archive.sana.sy\/tr\/index.php?rest_route=%2Fwp%2Fv2%2Ftags&post=63307"}],"curies":[{"name":"wp","href":"https:\/\/api.w.org\/{rel}","templated":true}]}}