{"id":63309,"date":"2016-03-01T21:35:43","date_gmt":"2016-03-01T19:35:43","guid":{"rendered":"http:\/\/www.sana.sy\/tr\/?p=63309"},"modified":"2016-03-02T19:58:06","modified_gmt":"2016-03-02T17:58:06","slug":"el-esad-alman-ard-televizyonuna-konustu","status":"publish","type":"post","link":"https:\/\/archive.sana.sy\/tr\/?p=63309","title":{"rendered":"El Esad Alman ARD Televizyonuna Konu\u015ftu (video)"},"content":{"rendered":"<p>\u015eAM \u2013 Cumhurba\u015fkan\u0131 Be\u015f\u015far el Esad bug\u00fcn Alman ARD Televizyonuna Suriye ve b\u00f6lgedeki son geli\u015fmelere \u0131\u015f\u0131k tutan a\u00e7\u0131klamalarda bulundu.<\/p>\n<p><span style=\"color: #0000ff\">\u0130ki Taraf Aras\u0131nda Zor \u0130ken, 100\u2019den Fazla Grupla Bu \u0130\u015f Daha Zordur<\/span><\/p>\n<p><a href=\"http:\/\/www.sana.sy\/tr\/wp-content\/uploads\/2016\/03\/02.jpg\"><img loading=\"lazy\" decoding=\"async\" class=\"alignright wp-image-63362 size-medium\" src=\"http:\/\/www.sana.sy\/tr\/wp-content\/uploads\/2016\/03\/02-300x200.jpg\" alt=\"02\" width=\"300\" height=\"200\" srcset=\"https:\/\/archive.sana.sy\/tr\/wp-content\/uploads\/2016\/03\/02-300x200.jpg 300w, https:\/\/archive.sana.sy\/tr\/wp-content\/uploads\/2016\/03\/02-150x100.jpg 150w, https:\/\/archive.sana.sy\/tr\/wp-content\/uploads\/2016\/03\/02-768x511.jpg 768w, https:\/\/archive.sana.sy\/tr\/wp-content\/uploads\/2016\/03\/02-1024x682.jpg 1024w\" sizes=\"auto, (max-width: 300px) 100vw, 300px\" \/><\/a>\u00c7at\u0131\u015fmalar\u0131 durdurma anla\u015fmas\u0131n\u0131n hayata ge\u00e7irilmesi g\u00fcn\u00fcn\u00fcn Suriye i\u00e7in tarihi bir g\u00fcn say\u0131l\u0131p say\u0131lmayaca\u011f\u0131na ili\u015fkin soruya cevab\u0131nda el Esad, \u00f6yle olmas\u0131n\u0131 umut etti\u011fini s\u00f6yledi.<\/p>\n<p>El Esad \u00e7at\u0131\u015fmalar\u0131 durdurma ya da kimi medya ara\u00e7lar\u0131nda ifade edildi\u011fi gibi ate\u015fkes anla\u015fmas\u0131n\u0131n iki taraf aras\u0131nda oldu\u011fu zaman bile hayata ge\u00e7irmek ve devaml\u0131l\u0131\u011f\u0131n\u0131 garantilemenin zor oldu\u011funa i\u015faret ederken; Suriye&#8217;de bu anla\u015fman\u0131n Suriye ordusu ile kar\u015f\u0131 tarafta bulunan ve say\u0131lar\u0131 100\u2019\u00fc a\u015fan silahl\u0131 gruplar aras\u0131nda oldu\u011funa vurgu yapt\u0131. Ayn\u0131 zamanda bu gruplar\u0131 destekleyen bir\u00e7ok devletin de bulundu\u011funun alt\u0131n\u0131 \u00e7izen el Esad; her \u015feye ra\u011fmen Suriye&#8217;nin bu anla\u015fman\u0131n ba\u015far\u0131l\u0131 olmas\u0131n\u0131 umut etti\u011fini ve bu y\u00f6nde elinden gelen her gayreti g\u00f6sterece\u011fini ifade etti. El Esad bu gibi durumlarda umut ve iste\u011fin yeterli olmad\u0131\u011f\u0131na i\u015faret etti.<\/p>\n<p><span style=\"color: #0000ff\">Suriye Ordusu \u015eu Ana Dek \u0130hlallere Kar\u015f\u0131l\u0131k Vermedi<\/span><\/p>\n<p>El Esad Suriye\u2019de \u00e7at\u0131\u015fmalar\u0131 durdurma anla\u015fmas\u0131n\u0131n istikrar\u0131 i\u00e7in devletin ne yapt\u0131\u011f\u0131 sorusuna cevab\u0131nda; ter\u00f6ristlerin ilk saatten beri anla\u015fmay\u0131 bir\u00e7ok kez ihlal ettiklerine dikkat \u00e7ekti. Suriye ordusunun anla\u015fman\u0131n istikrar\u0131 ve y\u00fcr\u00fcrl\u00fckte kalmas\u0131na f\u0131rsat verme amac\u0131yla bu ihlallere kar\u015f\u0131l\u0131k vermedi\u011fini belirten el Esad; fakat sonu\u00e7 itibar\u0131yla ter\u00f6ristlerin bu ihlallerinin bir s\u0131n\u0131r\u0131 oldu\u011funu, ordunun da sabr\u0131n\u0131n kar\u015f\u0131 tarafa ba\u011fl\u0131 oldu\u011funu ifade etti.<\/p>\n<p><span style=\"color: #0000ff\">Yapmalar\u0131 gereken Tek \u015eey Silahlar\u0131n\u0131 B\u0131rakmakt\u0131r<\/span><\/p>\n<p>Silah ta\u015f\u0131yanlar\u0131n yeniden sivil hayata d\u00f6nmeleri ve devlet taraf\u0131ndan kabul edilmeleri i\u00e7in ne yapmalar\u0131 gerekti\u011fi sorusuna cevab\u0131nda el Esad; sadece ve sadece silah\u0131n\u0131 b\u0131rakmalar\u0131 gerekti\u011fini belirtti.<\/p>\n<p>S\u00f6zlerine devam eden el Esad; devlet a\u00e7\u0131s\u0131ndan \u00f6nemli olan\u0131n kanun ve anayasa oldu\u011funu vurgularken, silah ta\u015f\u0131yanlar\u0131n silahlar\u0131n\u0131 b\u0131rakmakla sivil hayatlar\u0131na d\u00f6nebileceklerini, bunun da \u015fu ana dek binlerce vatanda\u015fta canl\u0131 \u00f6rnek olarak g\u00f6r\u00fcld\u00fc\u011f\u00fcne dikkat \u00e7ekti. El Esad silahlar\u0131n\u0131 b\u0131rakmalar\u0131 ard\u0131ndan da isteyen her Suriyelinin siyasi s\u00fcrece kat\u0131labilece\u011fini de vurgulad\u0131. Daha \u00f6nce binlerce ki\u015finin silah\u0131n\u0131 b\u0131rak\u0131p genel aftan faydaland\u0131\u011f\u0131na i\u015faret eden el Esad, bunlar\u0131n bir k\u0131sm\u0131n\u0131n yeniden Suriye ordusuna kat\u0131ld\u0131klar\u0131n\u0131, bir k\u0131sm\u0131n\u0131n siyasi s\u00fcrece girdiklerini, geriye kalanlar\u0131n ise g\u00fcnl\u00fck ya\u015famlar\u0131n\u0131 normal bir \u015fekilde s\u00fcrd\u00fcrd\u00fcklerini ifade etti.<\/p>\n<p><span style=\"color: #0000ff\">Biz Uzun Zaman \u00d6nce Ba\u015flad\u0131k<\/span><\/p>\n<p><a href=\"http:\/\/www.sana.sy\/tr\/wp-content\/uploads\/2016\/03\/04.jpg\"><img loading=\"lazy\" decoding=\"async\" class=\"alignright wp-image-63363 size-medium\" src=\"http:\/\/www.sana.sy\/tr\/wp-content\/uploads\/2016\/03\/04-263x300.jpg\" alt=\"04\" width=\"263\" height=\"300\" srcset=\"https:\/\/archive.sana.sy\/tr\/wp-content\/uploads\/2016\/03\/04-263x300.jpg 263w, https:\/\/archive.sana.sy\/tr\/wp-content\/uploads\/2016\/03\/04-132x150.jpg 132w, https:\/\/archive.sana.sy\/tr\/wp-content\/uploads\/2016\/03\/04-768x875.jpg 768w, https:\/\/archive.sana.sy\/tr\/wp-content\/uploads\/2016\/03\/04-899x1024.jpg 899w\" sizes=\"auto, (max-width: 263px) 100vw, 263px\" \/><\/a>\u00c7at\u0131\u015fmalar\u0131 durdurma anla\u015fmas\u0131n\u0131n uzun s\u00fcre almas\u0131n\u0131n nedenine ili\u015fkin soruya cevab\u0131nda el Esad; asl\u0131nda anla\u015fmaya varman\u0131n uzun s\u00fcrmedi\u011fini, as\u0131l zaman alan\u0131n ter\u00f6ristleri destekleyen devletlerin bu karara varmalar\u0131 oldu\u011funu s\u00f6yledi.<\/p>\n<p>Suriye&#8217;nin ilk ba\u015ftan beri yerel d\u00fczeyde bu gibi anla\u015fmalar\u0131 ba\u015far\u0131yla hayata ge\u00e7irdi\u011fini belirten el Esad; ulusal uzla\u015fma \u00e7abalar\u0131n\u0131n bu y\u00f6nde oldu\u011funa dikkat \u00e7ekti.<\/p>\n<p>Suriye ordusunun operasyonlar\u0131nda I\u015e\u0130D veya Nusra Cephesi yada \u2018silahl\u0131 muhalifleri\u2019 hedef ald\u0131klar\u0131n\u0131n kimler taraf\u0131ndan belirlendi\u011fine ili\u015fkin soruya cevab\u0131nda el Esad; \u2018askeri haritalar\u2019 olarak adland\u0131r\u0131lan haritalar ve \u00e7at\u0131\u015fmalar\u0131 durdurma anla\u015fmas\u0131n\u0131n kriterlerinin bu meseleyi belirledi\u011fini ifade etti.<\/p>\n<p><span style=\"color: #0000ff\">T\u00fcm Silah Ta\u015f\u0131yanlar Radikal De\u011fildir, Fakat Radikaller Bask\u0131n Kal\u0131yor<\/span><\/p>\n<p>\u2018Silahl\u0131 muhalefetin\u2019 neden devlet taraf\u0131ndan kabul edilmedi\u011fini ve neden hep \u2018ter\u00f6re kar\u015f\u0131 sava\u015f\u0131yoruz\u2019 \u015feklindeki s\u00f6zlere ili\u015fkin bir soruya cevab\u0131nda el Esad; Kimin ter\u00f6rist kimin de muhalif oldu\u011funun Suriye&#8217;de anayasa ve kanunlar taraf\u0131ndan belirlendi\u011fine dikkat \u00e7ekti.<\/p>\n<p>S\u00f6zlerine devam eden el Esad d\u00fcnyan\u0131n hi\u00e7bir \u00fclkesinde silahl\u0131 muhalefetin kabul edilmedi\u011fini, bir \u00fclkede silah ta\u015f\u0131ma yetkisinin sadece ve sadece devlet g\u00fc\u00e7lerine ait oldu\u011funun alt\u0131n\u0131 \u00e7izdi. El Esad devlete, halka, kamu ve \u00f6zel m\u00fclklere kar\u015f\u0131 silah ta\u015f\u0131yan herkesin ter\u00f6rist oldu\u011funun bir kez daha alt\u0131n\u0131 \u00e7izdi.<\/p>\n<p>Bir di\u011fer nokta ise Suriye&#8217;nin silah ta\u015f\u0131yan herkesin radikal ya da tekfirci oldu\u011funu \u00f6ne s\u00fcrmedi\u011fine vurgu yapan el Esad; fakat genel olarak a\u011f\u0131rl\u0131kta ve etkili olanlar\u0131n tekfirciler oldu\u011funu ifade etti. El Esad Suriye&#8217;de bulunan tekfirci ter\u00f6r \u00f6rg\u00fctlerin genel bir \u015fekilde I\u015e\u0130D, Nusra Cephesi, Ahrar el \u015eam \u0130slami Hareketi ve \u0130slam Ordusu olduklar\u0131n\u0131 s\u00f6yledi.<\/p>\n<p><span style=\"color: #0000ff\">Yabanc\u0131 Ter\u00f6ristler Suriyelilerle \u0130\u00e7 \u0130\u00e7eler<\/span><\/p>\n<p>Suriye&#8217;de bir\u00e7ok devletten ter\u00f6ristin bulundu\u011fu, fakat Suriyeli \u2018silahl\u0131lar\u0131n\u2019 farkl\u0131 tutulup onlarla diyalog kurulmas\u0131 gere\u011fine ili\u015fkin bir soruya cevab\u0131nda el Esad; bir kez daha bir\u00e7ok b\u00f6lgede yap\u0131lan ulusal uzla\u015fmalara dikkat \u00e7ekti.<\/p>\n<p>El Esad fakat genel olarak d\u00fcnyan\u0131n muhtelif b\u00f6lgelerinden gelen yabanc\u0131 ter\u00f6ristlerin Suriye&#8217;deki silahl\u0131lara kar\u0131\u015f\u0131p i\u00e7 i\u00e7e olduklar\u0131n\u0131 belirtti. Bunlar\u0131n ideoloji ve ideallerinde bir olduklar\u0131na dikkat \u00e7eken el Esad; onlardan olmayanlar\u0131 kabul etmemekle birlikte t\u00fcm\u00fcn\u00fcn s\u00f6zde \u0130slami bir devlet kurma hayalleri bir oldu\u011funu belirtti.<\/p>\n<p><span style=\"color: #0000ff\">Ge\u00e7i\u015f S\u00fcrecinde bir Sonraki Ad\u0131m Nedir?<\/span><\/p>\n<p>Suriye&#8217;de \u2018ge\u00e7i\u015f s\u00fcrecinde\u2019 sonraki ad\u0131m\u0131n ne oldu\u011fu konusunda bir soruya cevab\u0131nda el Esad; bu s\u00fcre\u00e7 temelinde kat\u0131lmak isteyen herkesi kapsayacak bir ulusal h\u00fck\u00fcmet te\u015fkil edilece\u011fini ifade etti. El Esad ard\u0131ndan da yeni bir anayasan\u0131n haz\u0131rlanaca\u011f\u0131n\u0131, sonra da Suriye&#8217;nin yeni \u015feklini belirleyecek parlamento se\u00e7imlerinin d\u00fczenlenece\u011fini ifade etti.<\/p>\n<p><span style=\"color: #0000ff\">Mesele Hobi Ya da Arzudan Ziyade Kanundur<\/span><\/p>\n<p>\u2018Halk sava\u015f\u0131n\u0131n\u2019 bulundu\u011fu bir durumda se\u00e7imlerin nas\u0131l yap\u0131labilece\u011fine ili\u015fkin soruya cevab\u0131nda el Esad; Suriye&#8217;de iddia edildi\u011fi gibi bir halk sava\u015f\u0131n\u0131n olmad\u0131\u011f\u0131na yeniden dikkat \u00e7ekti. El Esad Suriye&#8217;deki olaylarda halk sava\u015f\u0131na ili\u015fkin kriterlerin bulunmad\u0131\u011f\u0131na dikkat \u00e7ekerken, halk sava\u015f\u0131n\u0131n dini, etnik ya da benzer etkenlerle oldu\u011funu, Suriye&#8217;de ise devlet kontrol\u00fcndeki b\u00f6lgelerde muhtelif etniklerden, mezheplerden ve bile\u015fenlerden olu\u015fan insanlar\u0131n birlik beraberlik i\u00e7inde ya\u015fad\u0131klar\u0131na dikkat \u00e7ekti.<\/p>\n<p><span style=\"color: #0000ff\">Anayasa Egemenlik, Ba\u011f\u0131ms\u0131zl\u0131k ve Birli\u011fin Sembol\u00fcd\u00fcr<\/span><\/p>\n<p>Se\u00e7imler meselesinde ise el Esad bunun bir hobi, Cumhurba\u015fkan\u0131n\u0131n vizyonu ya da h\u00fck\u00fcmetin keyfi muamelesi olmad\u0131\u011f\u0131n\u0131 ifade etti. Meselenin tamam\u0131yla kanun ve anayasa oldu\u011funu belirten el Esad; Suriye&#8217;deki sava\u015f\u0131n bir egemenlik ve ba\u011f\u0131ms\u0131zl\u0131k sava\u015f\u0131 oldu\u011funu ifade etti.<\/p>\n<p>Anayasan\u0131n bir \u00fclkenin egemenli\u011fi, ba\u011f\u0131ms\u0131zl\u0131\u011f\u0131 ve birli\u011finin sembol\u00fc oldu\u011funa vurgu yapan el Esad; anayasa ve kanunlara sayg\u0131n\u0131n gere\u011fini belirtti. Anayasan\u0131n da ka\u011f\u0131tlar \u00fczerinde s\u00f6zlerden ibaret de\u011fil de pratik oldu\u011funu ifade eden el Esad; se\u00e7imlerin ise h\u00fck\u00fcmetin de\u011fil, vatanda\u015f\u0131n hakk\u0131 oldu\u011funun alt\u0131n\u0131 \u00e7izdi.<\/p>\n<p><span style=\"color: #0000ff\">Anayasa M\u0131 \u00d6nemli Y\u00fcz Binlerce Vatanda\u015f\u0131n hayat\u0131 M\u0131?<\/span><\/p>\n<p>Anayasan\u0131n y\u00fcz binlerce insan\u0131n hayat\u0131ndan daha m\u0131 \u00f6nemli oldu\u011fu sorusuna cevab\u0131nda el Esad; iki mesele aras\u0131nda fark bulunmad\u0131\u011f\u0131n\u0131 belirtti.<\/p>\n<p>S\u00f6zlerine devam eden el Esad; insanlar\u0131n hayat\u0131n\u0131 korumak i\u00e7in anayasay\u0131 korumak gerekti\u011fini, anayasa ile de istikrar ve g\u00fcvenli\u011fi sa\u011flamak gerekti\u011finin alt\u0131n\u0131 \u00e7izdi.<\/p>\n<p><span style=\"color: #0000ff\">G\u00f6revi Terk Etmeye Haz\u0131r M\u0131s\u0131n\u0131z?<\/span><\/p>\n<p><a href=\"http:\/\/www.sana.sy\/tr\/wp-content\/uploads\/2016\/03\/06.jpg\"><img loading=\"lazy\" decoding=\"async\" class=\"alignright wp-image-63364 size-medium\" src=\"http:\/\/www.sana.sy\/tr\/wp-content\/uploads\/2016\/03\/06-300x207.jpg\" alt=\"06\" width=\"300\" height=\"207\" srcset=\"https:\/\/archive.sana.sy\/tr\/wp-content\/uploads\/2016\/03\/06-300x207.jpg 300w, https:\/\/archive.sana.sy\/tr\/wp-content\/uploads\/2016\/03\/06-150x103.jpg 150w, https:\/\/archive.sana.sy\/tr\/wp-content\/uploads\/2016\/03\/06-768x529.jpg 768w, https:\/\/archive.sana.sy\/tr\/wp-content\/uploads\/2016\/03\/06-1024x705.jpg 1024w, https:\/\/archive.sana.sy\/tr\/wp-content\/uploads\/2016\/03\/06-110x75.jpg 110w\" sizes=\"auto, (max-width: 300px) 100vw, 300px\" \/><\/a>Bir\u00e7ok devlet ve yetkilinin Suriye&#8217;deki krize \u2018el Esad ile \u00e7\u00f6z\u00fcm\u00fcn bulunmad\u0131\u011f\u0131\u2019 y\u00f6n\u00fcndeki a\u00e7\u0131klamalar\u0131 kar\u015f\u0131s\u0131nda kendisinin g\u00f6revi terk etmeye haz\u0131r olup olmad\u0131\u011f\u0131na ili\u015fkin soruya cevab\u0131nda el Esad; bunu s\u00f6yleyen devletler ya da yetkililer i\u00e7in hi\u00e7bir zaman g\u00f6revini terk etmeye haz\u0131r olmad\u0131\u011f\u0131n\u0131 ifade etti. El Esad bu meselenin s\u00f6z konusu devletler ya da yetkilileri hi\u00e7bir \u015fekilde ilgilendirmedi\u011fini, bundan dolay\u0131 da hi\u00e7bir zaman bu a\u00e7\u0131klamalara kulak vermedi\u011fini ifade etti.<\/p>\n<p>Kendisinin g\u00f6revde kal\u0131p kalmayaca\u011f\u0131n\u0131 ya da kimin g\u00f6reve gelece\u011fi karar\u0131n\u0131n mutlak bir \u015fekilde Suriye halk\u0131n\u0131n karar\u0131 oldu\u011funu belirten el Esad; Suriye halk\u0131n\u0131n kendisinin kalmas\u0131n\u0131 istedi\u011fi s\u00fcrece kalaca\u011f\u0131n\u0131, gitmesini istedi\u011fi zaman da bir g\u00fcn bile g\u00f6revinde kalmayaca\u011f\u0131n\u0131 vurgulad\u0131.<\/p>\n<p>El Esad Suriye halk\u0131n\u0131n kendisinden g\u00f6revden \u00e7ekilmesini istemesi halinde bunu teredd\u00fcts\u00fcz yapaca\u011f\u0131n\u0131, \u00e7\u00fcnk\u00fc hi\u00e7bir sorumlunun halk\u0131n deste\u011fini almadan ba\u015far\u0131l\u0131 olmas\u0131n\u0131n m\u00fcmk\u00fcn olmad\u0131\u011f\u0131n\u0131 ifade etti.<\/p>\n<p><span style=\"color: #0000ff\">\u0130nsani Yard\u0131mlar\u0131 Devlet De\u011fil, Ter\u00f6ristler Engelliyor<\/span><\/p>\n<p>Devletin \u2018abluka alt\u0131nda\u2019 bulunan b\u00f6lgelere insani yard\u0131mlar\u0131n ge\u00e7mesine izin vermekte neden bu kadar ge\u00e7 kald\u0131\u011f\u0131 soruya cevab\u0131nda el Esad; Suriye devletinin sadece son zamanlarda de\u011fil, krizin ba\u015f\u0131ndan beri her zaman vatanda\u015flar\u0131n ihtiya\u00e7lar\u0131n\u0131n kar\u015f\u0131lanmas\u0131na \u00f6zen g\u00f6sterdi\u011fini belirtti.<\/p>\n<p><a href=\"http:\/\/www.sana.sy\/tr\/wp-content\/uploads\/2016\/03\/08.jpg\"><img loading=\"lazy\" decoding=\"async\" class=\"alignright wp-image-63369 size-medium\" src=\"http:\/\/www.sana.sy\/tr\/wp-content\/uploads\/2016\/03\/08-300x200.jpg\" alt=\"08\" width=\"300\" height=\"200\" srcset=\"https:\/\/archive.sana.sy\/tr\/wp-content\/uploads\/2016\/03\/08-300x200.jpg 300w, https:\/\/archive.sana.sy\/tr\/wp-content\/uploads\/2016\/03\/08-150x100.jpg 150w, https:\/\/archive.sana.sy\/tr\/wp-content\/uploads\/2016\/03\/08-768x511.jpg 768w, https:\/\/archive.sana.sy\/tr\/wp-content\/uploads\/2016\/03\/08-1024x682.jpg 1024w\" sizes=\"auto, (max-width: 300px) 100vw, 300px\" \/><\/a>El Esad kriz s\u00fcresince hi\u00e7bir b\u00f6lgende devlet taraf\u0131ndan insani yard\u0131mlar\u0131n engellenmedi\u011fini vurgulad\u0131. Bir k\u0131s\u0131m b\u00f6lgelerin \u00e7embere al\u0131nd\u0131\u011f\u0131n\u0131n do\u011fru oldu\u011funu ifade eden el Esad; fakat g\u0131da ve t\u0131bbi yard\u0131mlar veya vatanda\u015flar\u0131n ihtiya\u00e7lar\u0131n\u0131n kesinlikle engellenmedi\u011fini s\u00f6yledi. El Esad bu b\u00f6lgelere insani yard\u0131mlar\u0131n g\u00f6nderildi\u011fini, fakat ter\u00f6r \u00f6rg\u00fctlerin bu yard\u0131mlar\u0131 gasp edip ya kendi ter\u00f6ristlerine da\u011f\u0131tt\u0131\u011f\u0131n\u0131 ya da fahi\u015f fiyatlarla vatanda\u015flara satt\u0131klar\u0131n\u0131 belirtti. Bunun da bir dizi canl\u0131 \u00f6rne\u011finin kan\u0131tlarla muhtelif medya ara\u00e7lar\u0131nda yer ald\u0131\u011f\u0131na dikkat \u00e7eken el Esad; devletin insani yard\u0131mlar\u0131 kesmek bir yere kals\u0131n, I\u015e\u0130D\u2019in bulundu\u011fu Rakka ve Deyrezzor gibi illerde memurlar\u0131n\u0131n maa\u015flar\u0131n\u0131 bile kesmedi\u011fini vurgulad\u0131.<\/p>\n<p>Bir di\u011fer noktan\u0131n ise Suriye ordusu ablukas\u0131 alt\u0131nda olduklar\u0131 iddia edilen b\u00f6lgelerin y\u0131llar boyunca orduya ve civardaki sivil b\u00f6lgelere kar\u015f\u0131 sald\u0131r\u0131larda bulunduklar\u0131na dikkat \u00e7eken el Esad; devlet bu b\u00f6lgelere silahlar\u0131n ge\u00e7i\u015fini engellemiyorsa g\u0131dan\u0131n ge\u00e7i\u015fini nas\u0131l engelleyece\u011fi sorusuna vurgu yapt\u0131.<\/p>\n<p>S\u00f6zlerine devam eden el Esad Suriye\u2019de tehcir edilenlerin durumu ve insani durumlar\u0131n muhtelif ama\u00e7l\u0131 olarak politikle\u015ftirilip kullan\u0131ld\u0131\u011f\u0131n\u0131n bir kez daha alt\u0131n\u0131 \u00e7izerken; sonu\u00e7 itibar\u0131yla devletin \u00f6zellikle bu gibi s\u00fcre\u00e7lerde vatanda\u015flar\u0131n\u0131n deste\u011fine ihtiyac\u0131 oldu\u011funu belirtti. El Esad Suriye\u2019nin bu mant\u0131kla hareket etti\u011fini ve bu mant\u0131kla hareket etmeye devam edip istisnas\u0131z t\u00fcm vatanda\u015flar\u0131n\u0131n ihtiya\u00e7lar\u0131n\u0131n kar\u015f\u0131lanmas\u0131 i\u00e7in gereken her gayreti g\u00f6sterece\u011fini vurgulad\u0131.<\/p>\n<p><span style=\"color: #0000ff\">Hi\u00e7bir Zaman Kar\u015f\u0131 \u00c7\u0131kmad\u0131k<\/span><\/p>\n<p>\u00c7at\u0131\u015fmalar\u0131 durdurma anla\u015fmas\u0131n\u0131n y\u00fcr\u00fcrl\u00fckte olmas\u0131yla insani yard\u0131mlar\u0131 ula\u015ft\u0131rmak i\u00e7in uluslar aras\u0131 \u00f6rg\u00fctlerin t\u00fcm b\u00f6lgelere giri\u015flerine izin verilip verilmeyece\u011fine ili\u015fkin soruya cevab\u0131nda el Esad; Suriye&#8217;nin hi\u00e7bir zaman hi\u00e7bir \u00f6rg\u00fct yada kurumu bu y\u00f6ndeki \u00e7al\u0131\u015fmalardan al\u0131koymad\u0131\u011f\u0131n\u0131 belirtti. El Esad tam tersine \u00e7al\u0131\u015fmalar\u0131nda kolayl\u0131klar temin etti\u011fini ifade etti.<\/p>\n<p>S\u00f6zlerine devam eden el Esad; fakat insani ya da ne olursa olsun Suriye topraklar\u0131 \u00fczerinde yap\u0131lacak t\u00fcm \u00e7al\u0131\u015fmalar\u0131n Suriye devletinin onay\u0131 alt\u0131nda olmas\u0131 gerekti\u011finin alt\u0131n\u0131 \u00e7izdi.<\/p>\n<p><span style=\"color: #0000ff\">Bir \u00d6nceki Se\u00e7imlerde de Benzer Bir Rivayet Vard\u0131<\/span><\/p>\n<p>Suriyelilerin \u00e7o\u011funun \u00fclkedeki kaos ortam\u0131ndan ka\u00e7malar\u0131 ard\u0131ndan 13 Nisanda yap\u0131lmas\u0131 beklenen parlamento se\u00e7imlerinin nas\u0131l olaca\u011f\u0131na ili\u015fkin soruya cevab\u0131nda el Esad; Suriyelilerin b\u00fcy\u00fck \u00e7o\u011funlu\u011funun Suriye&#8217;de bulunduklar\u0131n\u0131 belirtti.<\/p>\n<p>Benzer bir rivayetin daha \u00f6nce yap\u0131lan Cumhurba\u015fkanl\u0131\u011f\u0131 se\u00e7imlerinde \u00f6ne s\u00fcr\u00fcld\u00fc\u011f\u00fcne dikkat \u00e7eken el Esad; fakat Suriye i\u00e7inde ve d\u0131\u015f\u0131nda se\u00e7imlerde g\u00f6r\u00fclen kat\u0131l\u0131m\u0131n d\u00fcnya \u00fclkelerini bile \u015fa\u015f\u0131rtt\u0131\u011f\u0131n\u0131 s\u00f6yledi.<\/p>\n<p><span style=\"color: #0000ff\">Suriye Almanya\u2019n\u0131n M\u00fcltecileri Kabul Etmesini Takdir Ediyor Mu?<\/span><\/p>\n<p><a href=\"http:\/\/www.sana.sy\/tr\/wp-content\/uploads\/2016\/03\/01.jpg\"><img loading=\"lazy\" decoding=\"async\" class=\"alignright wp-image-63365 size-medium\" src=\"http:\/\/www.sana.sy\/tr\/wp-content\/uploads\/2016\/03\/01-300x200.jpg\" alt=\"01\" width=\"300\" height=\"200\" srcset=\"https:\/\/archive.sana.sy\/tr\/wp-content\/uploads\/2016\/03\/01-300x200.jpg 300w, https:\/\/archive.sana.sy\/tr\/wp-content\/uploads\/2016\/03\/01-150x100.jpg 150w, https:\/\/archive.sana.sy\/tr\/wp-content\/uploads\/2016\/03\/01-768x511.jpg 768w, https:\/\/archive.sana.sy\/tr\/wp-content\/uploads\/2016\/03\/01-1024x682.jpg 1024w\" sizes=\"auto, (max-width: 300px) 100vw, 300px\" \/><\/a>Suriye&#8217;nin, Almanya\u2019n\u0131n bu denli y\u00fcksek say\u0131da Suriyeli m\u00fclteciyi kabul etmesini takdir edip etmedi\u011fine ili\u015fkin bir soruya cevab\u0131nda el Esad; insani a\u00e7\u0131dan ku\u015fkusuz bunun takdire \u015fayan oldu\u011funu ifade etti.<\/p>\n<p>S\u00f6zlerine devam eden el Esad; fakat bu insanlar\u0131n kendi vatanlar\u0131nda kalmalar\u0131na yard\u0131mc\u0131 olman\u0131n daha insani bir durum olaca\u011f\u0131n\u0131 ve daha \u00e7ok takdire \u015fayan say\u0131laca\u011f\u0131n\u0131 belirtti.<\/p>\n<p>El Esad Suriye&#8217;deki krizin \u00e7\u00f6z\u00fcm\u00fc ve Suriyelilerin vatanlar\u0131n\u0131 terk etmemeleri i\u00e7in temel gereksinimin ter\u00f6rle m\u00fccadele ve Suriye&#8217;nin i\u00e7i\u015flerine m\u00fcdahaleye son vermek oldu\u011funu ifade ederken, Almanya\u2019n\u0131n bunlar\u0131 yapmakla Almanya ve t\u00fcm Avrupa\u2019n\u0131n m\u00fclteci meselesine daha az k\u00fclfette \u00e7\u00f6z\u00fcm bulaca\u011f\u0131n\u0131 ve daha insani davranm\u0131\u015f olacaklar\u0131n\u0131n alt\u0131n\u0131 \u00e7izdi.<\/p>\n<p><span style=\"color: #0000ff\">Mesele Ba\u011f\u0131ms\u0131zl\u0131k Meselesidir<\/span><\/p>\n<p>Almanya\u2019n\u0131n Suriye&#8217;deki olaylarda oynad\u0131\u011f\u0131 role ili\u015fkin bir soruya cevab\u0131nda el Esad; Almanya\u2019n\u0131n di\u011fer Avrupa devletleri gibi ABD\u2019nin etkisinde oldu\u011funu ifade etti.<\/p>\n<p>El Esad Avrupa \u00fclkelerinin genelinin ABD\u2019nin \u00e7izgisinde y\u00fcr\u00fcd\u00fcklerine dikkat \u00e7ekerken, ekonomik a\u00e7\u0131dan g\u00fc\u00e7l\u00fc olan Almanya\u2019n\u0131n AB\u2019nin siyasi tutumlar\u0131n\u0131 belirlemesi yerine ABD\u2019nin \u00e7izgisinde gitmesini ele\u015ftirdi. El Esad meselenin ba\u011f\u0131ms\u0131zl\u0131k meselesi oldu\u011funu s\u00f6yledi.<\/p>\n<p><span style=\"color: #0000ff\">Bat\u0131l\u0131 Devletler T\u00fcm Bunlar\u0131 Su\u00e7 Olarak Nitelendirmiyor<\/span><\/p>\n<p><a href=\"http:\/\/www.sana.sy\/tr\/wp-content\/uploads\/2016\/03\/07.jpg\"><img loading=\"lazy\" decoding=\"async\" class=\"alignright wp-image-63368 size-medium\" src=\"http:\/\/www.sana.sy\/tr\/wp-content\/uploads\/2016\/03\/07-300x200.jpg\" alt=\"07\" width=\"300\" height=\"200\" srcset=\"https:\/\/archive.sana.sy\/tr\/wp-content\/uploads\/2016\/03\/07-300x200.jpg 300w, https:\/\/archive.sana.sy\/tr\/wp-content\/uploads\/2016\/03\/07-150x100.jpg 150w, https:\/\/archive.sana.sy\/tr\/wp-content\/uploads\/2016\/03\/07-768x511.jpg 768w, https:\/\/archive.sana.sy\/tr\/wp-content\/uploads\/2016\/03\/07-1024x682.jpg 1024w\" sizes=\"auto, (max-width: 300px) 100vw, 300px\" \/><\/a>Suriye&#8217;de ya\u015fananlar\u0131n sorumlulu\u011funun Suriye ve ordusuna d\u00fc\u015fmesi konusunda bir soruya cevab\u0131nda el Esad; bir k\u0131s\u0131m olaylar\u0131n ku\u015fkusuz su\u00e7 oldu\u011funu fakat sorumlulu\u011fu Suriye ve ordusuna y\u00fcklemenin mant\u0131kl\u0131 olmad\u0131\u011f\u0131n\u0131 ifade etti.<\/p>\n<p>El Esad; Bat\u0131l\u0131 devletlerin 2003 y\u0131l\u0131nda Irak\u2019a y\u00f6nelik a\u00e7\u0131lan ve 1,5 milyondan fazla kurban\u0131n gitti\u011fi sava\u015f\u0131 sava\u015f su\u00e7u olarak nitelendirmediklerini, ayn\u0131 zamanda Suudi Arabistan\u2019\u0131n Yemen\u2019de bulundu\u011fu vah\u015fetleri de sava\u015f su\u00e7u olarak g\u00f6rmediklerini s\u00f6yledi. S\u00f6zlerine devam eden el Esad; Bat\u0131l\u0131 devletlerin yine Suriye&#8217;de silahl\u0131 ter\u00f6r gruplar\u0131n sivil b\u00f6lgeleri geli\u015fig\u00fczel f\u00fcze, top ve havan ate\u015fine tutmalar\u0131n\u0131, canl\u0131 bombalar ve bombal\u0131 ara\u00e7larla aralar\u0131nda \u00e7ocuk ve kad\u0131nlar\u0131n bulundu\u011fu sivil vatanda\u015flar\u0131 gaddarca ve vah\u015fice katletmelerini sava\u015f su\u00e7u olarak nitelendirmediklerine dikkat \u00e7ekti.<\/p>\n<p><span style=\"color: #0000ff\">Mant\u0131kla Hi\u00e7bir \u0130lgisi Yoktur<\/span><\/p>\n<p>Kimi taraflar\u0131n Suriye ordusu ve Rus hava g\u00fc\u00e7lerinin okullar\u0131 hastaneleri ve sivilleri kas\u0131tl\u0131 ve stratejik tutum olarak bombalad\u0131klar\u0131 y\u00f6n\u00fcndeki iddialar konusunda bir soruya cevab\u0131nda el Esad; akliselim olan hi\u00e7 kimsenin bunu d\u00fc\u015f\u00fcnmesinin bile sa\u00e7ma oldu\u011funu ifade etti.<\/p>\n<p>El Esad Suriye h\u00fck\u00fcmetinin \u00f6zellikle bu s\u00fcre\u00e7 i\u00e7inde vatanda\u015flar\u0131n\u0131n deste\u011fine ihtiyac\u0131 oldu\u011fu, d\u00fcnya \u00fclkelerinin bir\u00e7o\u011funun siyasi ve ekonomik bask\u0131larda bulunduklar\u0131 bu s\u00fcre\u00e7te ordunun ya da m\u00fcttefiklerinin sivilleri, okullar\u0131 ya da hastaneleri hedef almalar\u0131n\u0131n mant\u0131kla hi\u00e7bir ili\u015fkisi olmad\u0131\u011f\u0131n\u0131n alt\u0131n\u0131 \u00e7izdi.<\/p>\n<p><span style=\"color: #0000ff\">Suriye Onlarca Devletin Destekledi\u011fi Ter\u00f6re Kar\u015f\u0131 Sava\u015f\u0131yor<\/span><\/p>\n<p><a href=\"http:\/\/www.sana.sy\/tr\/wp-content\/uploads\/2016\/03\/05.jpg\"><img loading=\"lazy\" decoding=\"async\" class=\"alignright wp-image-63366 size-medium\" src=\"http:\/\/www.sana.sy\/tr\/wp-content\/uploads\/2016\/03\/05-300x162.jpg\" alt=\"05\" width=\"300\" height=\"162\" srcset=\"https:\/\/archive.sana.sy\/tr\/wp-content\/uploads\/2016\/03\/05-300x162.jpg 300w, https:\/\/archive.sana.sy\/tr\/wp-content\/uploads\/2016\/03\/05-150x81.jpg 150w, https:\/\/archive.sana.sy\/tr\/wp-content\/uploads\/2016\/03\/05-768x416.jpg 768w, https:\/\/archive.sana.sy\/tr\/wp-content\/uploads\/2016\/03\/05-1024x554.jpg 1024w\" sizes=\"auto, (max-width: 300px) 100vw, 300px\" \/><\/a>Rusya ve Hizbullah\u2019In m\u00fcdahalesinden \u00f6nce Suriye ordusunun yenilgi a\u015famas\u0131na geldi\u011fini, bu iki taraf\u0131n destekleri kar\u015f\u0131l\u0131\u011f\u0131nda ne talep ettiklerine ili\u015fkin bir soruya cevab\u0131nda el Esad; Suriye ordusunun yenilgi a\u015famas\u0131na gelmedi\u011fine dikkat \u00e7ekti.<\/p>\n<p>El Esad o s\u00fcre\u00e7 i\u00e7inde Suriye ordusunun bir yerde kaybederken, ba\u015fka yerlerde ciddi ve stratejik zaferler sa\u011flad\u0131\u011f\u0131na dikkat \u00e7ekti. Suriye&#8217;nin maruz kald\u0131\u011f\u0131 sava\u015f\u0131n zor bir sava\u015f oldu\u011funun inkar edilemez oldu\u011funu ifade eden el Esad; Suriye&#8217;nin iddia edildi\u011fi gibi \u2018silahl\u0131 muhaliflere\u2019 ya da belli bir tarafa kar\u015f\u0131 de\u011fil, d\u00fcnyada onlarca devletin destekledi\u011fi az\u0131l\u0131 ve \u00e7okuluslu bir ter\u00f6re kar\u015f\u0131 sava\u015f verdi\u011finin alt\u0131n\u0131 \u00e7izdi.<\/p>\n<p>Direk yada dolayl\u0131 bir \u015fekilde destek veren m\u00fcttefikler konusunda ise el Esad; bunlar\u0131n Suriye&#8217;de ne cumhurba\u015fkan\u0131na ne de h\u00fck\u00fcmete yard\u0131m etmediklerini irdelemi\u015f olduklar\u0131n\u0131 ifade etti. El Esad m\u00fcttefiklerin, ter\u00f6r\u00fcn b\u00f6lgede yay\u0131lmas\u0131 halinde yol a\u00e7aca\u011f\u0131 facialar\u0131 iyi bildiklerini, dolay\u0131s\u0131yla ayn\u0131 zamanda kendilerini de savunduklar\u0131n\u0131 belirtti.<\/p>\n<p>M\u00fcttefiklerin kendisinden ya da Suriye&#8217;den destekleri kar\u015f\u0131s\u0131nda hi\u00e7bir \u015fey istemediklerini ifade eden el Esad; bunlar\u0131n Suriye&#8217;nin egemenli\u011fine sayg\u0131 duyduklar\u0131n\u0131 vurgulad\u0131.<\/p>\n<p><span style=\"color: #0000ff\">T\u00fcm Bunlara Ra\u011fmen Hala Egemen Bir Devlet Oldu\u011funuzu D\u00fc\u015f\u00fcn\u00fcyor Musunuz?<\/span><\/p>\n<p><a href=\"http:\/\/www.sana.sy\/tr\/wp-content\/uploads\/2016\/03\/12783515_1063150817062083_8082429813077321787_o.jpg\"><img loading=\"lazy\" decoding=\"async\" class=\"alignright wp-image-63367 size-medium\" src=\"http:\/\/www.sana.sy\/tr\/wp-content\/uploads\/2016\/03\/12783515_1063150817062083_8082429813077321787_o-300x168.jpg\" alt=\"12783515_1063150817062083_8082429813077321787_o\" width=\"300\" height=\"168\" srcset=\"https:\/\/archive.sana.sy\/tr\/wp-content\/uploads\/2016\/03\/12783515_1063150817062083_8082429813077321787_o-300x168.jpg 300w, https:\/\/archive.sana.sy\/tr\/wp-content\/uploads\/2016\/03\/12783515_1063150817062083_8082429813077321787_o-150x84.jpg 150w, https:\/\/archive.sana.sy\/tr\/wp-content\/uploads\/2016\/03\/12783515_1063150817062083_8082429813077321787_o.jpg 660w\" sizes=\"auto, (max-width: 300px) 100vw, 300px\" \/><\/a>Suriye&#8217;de ya\u015fananlardan sonra Suriye&#8217;nin hala egemen bir devlet oldu\u011funu s\u00f6ylemenin ne kadar do\u011fru olaca\u011f\u0131na ili\u015fkin soruya cevab\u0131nda el Esad; egemenli\u011fin oransal olarak de\u011fi\u015fti\u011fini, Suriye&#8217;nin bu ko\u015fullar i\u00e7inde tam egemen bir devlet oldu\u011funu s\u00f6ylemenin elbette do\u011fru olmayaca\u011f\u0131n\u0131 ifade etti.<\/p>\n<p>Krizden \u00f6nce \u0130srail&#8217;in Golan topraklar\u0131n\u0131 i\u015fgal etmi\u015f olmas\u0131yla Suriye&#8217;nin egemenli\u011finde bir eksiklik bulundu\u011funu ifade eden el Esad; \u015fimdi de ABD ve koalisyonuna tabi u\u00e7aklar\u0131n Suriye hava sahas\u0131n\u0131 ihlal etmeleri, d\u00fcnyan\u0131n her yerinden gelen ter\u00f6ristlerin s\u0131n\u0131r\u0131 \u00e7ar\u00e7ur kullanmalar\u0131n\u0131n ku\u015fkusuz egemenli\u011fi etkiledi\u011fini belirtti.<\/p>\n<p>El Esad Suriye devletinin daha az d\u00fczeyde olsa bile hizmet veren kurumlar\u0131 bulundu\u011funu, devletin her \u015feye ra\u011fmen g\u00f6rev ve sorumluluklar\u0131n\u0131 s\u00fcrd\u00fcrd\u00fc\u011f\u00fcn\u00fc ifade etti.<\/p>\n<p>S\u00f6zlerine devam eden el Esad egemenlikte her \u015feyden \u00f6nemlisi Suriye halk\u0131n\u0131n yabanc\u0131 g\u00fc\u00e7lere tabi olmamas\u0131 oldu\u011funun alt\u0131n\u0131 \u00e7izdi.<\/p>\n<p><span style=\"color: #0000ff\">Ba\u015fka Devletlerde Ya\u015fanan Benzer Durumlarda Neden Bu Olmad\u0131?<\/span><\/p>\n<p>Suriye&#8217;de krizin Dera\u2019da bir k\u0131s\u0131m \u00e7ocuklar\u0131n dubarlara devlet kar\u015f\u0131t\u0131 sloganlar yazmalar\u0131 ve g\u00fcvenlik g\u00fc\u00e7lerinin bu \u00e7ocukla a\u015f\u0131r\u0131 g\u00fc\u00e7 kullanmalar\u0131 sonucunda ba\u015flad\u0131\u011f\u0131 sorusuna cevab\u0131nda el Esad; bu hikayenin ger\u00e7ekle hi\u00e7bir ilgisi olmad\u0131\u011f\u0131n\u0131 ifade etti. El Esad s\u00f6z\u00fc edilen \u00e7ocuklar\u0131n hi\u00e7bir zaman g\u00f6r\u00fclmediklerini, bu hikayenin tamamen dezenformasyon ve provokasyon ama\u00e7l\u0131 oldu\u011funu s\u00f6yledi.<\/p>\n<p>Her \u015feye ra\u011fmen hikayenin do\u011fru say\u0131lmas\u0131 haline de de\u011finen el Esad; ABD ba\u015fta olmak \u00fczere d\u00fcnyan\u0131n bir \u00e7ok \u00fclkesinde benzer olaylar\u0131n ya\u015fand\u0131\u011f\u0131na dikkat \u00e7ekti. El Esad ABD\u2019de polislerin bir\u00e7ok siyah insan\u0131 katlettiklerini ve bir\u00e7ok ele\u015ftiri ald\u0131klar\u0131na i\u015faret ederken, fakat bu olaylarda kimsenin ABD ve polis g\u00fc\u00e7lerine kar\u015f\u0131 makineli silah ta\u015f\u0131ma provokasyonunda bulunmad\u0131\u011f\u0131na vurgu yapt\u0131.<\/p>\n<p>El Esad sokakta silah ta\u015f\u0131yan ve her \u015feye sald\u0131ran, bombal\u0131 ara\u00e7larla insanlar\u0131 vah\u015fice katledenlere kar\u015f\u0131 hi\u00e7bir devletin sessiz kalmas\u0131 ya da onlar\u0131 \u00e7i\u00e7eklerle kar\u015f\u0131mas\u0131n\u0131n kabul edilemez oldu\u011funun alt\u0131n\u0131 \u00e7izdi.<\/p>\n<p><span style=\"color: #0000ff\">Suriye&#8217;deki Kabusu Sonland\u0131rmak \u0130\u00e7in Ne Yap\u0131yorsunuz?<\/span><\/p>\n<p>Suriye&#8217;deki olaylar\u0131n b\u00f6lge ve hatta Avrupa devletlerini tehdit etmesiyle Suriye&#8217;nin bu kabusu sonland\u0131rmak i\u00e7in ne yapt\u0131\u011f\u0131na ili\u015fkin soruya cevab\u0131nda el Esad; Suriye&#8217;nin krizin ba\u015f\u0131ndan beri iki temel eksen \u00fczerine odakland\u0131\u011f\u0131n\u0131 belirtti.<\/p>\n<p>El Esad eksenlerin ilkinin Suriyelilerle a\u00e7\u0131k diyalog ve siyasi s\u00fcre\u00e7, ikinci eksenin ise Suriye&#8217;nin g\u00fcvenlik ve istikrar\u0131n\u0131 sabote eden ter\u00f6re kar\u015f\u0131 m\u00fccadele oldu\u011funun alt\u0131n\u0131 \u00e7izdi.<\/p>\n<p>Suriye&#8217;de meselenin ter\u00f6ristlerin d\u0131\u015far\u0131dan ald\u0131klar\u0131 destek oldu\u011funun bir kez daha alt\u0131n\u0131 \u00e7izen el Esad; dolay\u0131s\u0131yla Suriye ve halk\u0131na dayatmalarda bulunan devletlerin ter\u00f6re deste\u011fi kesmeleri gerekti\u011fine vurgu yapt\u0131.<\/p>\n<p>https:\/\/www.youtube.com\/watch?v=TblgjJklW5U<\/p>\n<p>R.H.<\/p>\n","protected":false},"excerpt":{"rendered":"<p>\u015eAM \u2013 Cumhurba\u015fkan\u0131 Be\u015f\u015far el Esad bug\u00fcn Alman ARD Televizyonuna Suriye ve b\u00f6lgedeki son geli\u015fmelere \u0131\u015f\u0131k tutan a\u00e7\u0131klamalarda bulundu. \u0130ki Taraf Aras\u0131nda Zor \u0130ken, 100\u2019den Fazla Grupla Bu \u0130\u015f Daha Zordur \u00c7at\u0131\u015fmalar\u0131 durdurma anla\u015fmas\u0131n\u0131n hayata ge\u00e7irilmesi g\u00fcn\u00fcn\u00fcn Suriye i\u00e7in tarihi bir g\u00fcn say\u0131l\u0131p say\u0131lmayaca\u011f\u0131na ili\u015fkin soruya cevab\u0131nda el Esad, \u00f6yle olmas\u0131n\u0131 umut etti\u011fini s\u00f6yledi. El &hellip;<\/p>\n","protected":false},"author":1,"featured_media":63329,"comment_status":"closed","ping_status":"closed","sticky":false,"template":"","format":"standard","meta":{"footnotes":""},"categories":[479,611,605,2554,2555,478],"tags":[],"class_list":["post-63309","post","type-post","status-publish","format-standard","has-post-thumbnail","","category-haberler-yerel","category-roportaj","category-sayin-cumhurbaskani","category-suriye-ve-dunya","category-suriye-ve-turkiye","category-yerel"],"_links":{"self":[{"href":"https:\/\/archive.sana.sy\/tr\/index.php?rest_route=\/wp\/v2\/posts\/63309","targetHints":{"allow":["GET"]}}],"collection":[{"href":"https:\/\/archive.sana.sy\/tr\/index.php?rest_route=\/wp\/v2\/posts"}],"about":[{"href":"https:\/\/archive.sana.sy\/tr\/index.php?rest_route=\/wp\/v2\/types\/post"}],"author":[{"embeddable":true,"href":"https:\/\/archive.sana.sy\/tr\/index.php?rest_route=\/wp\/v2\/users\/1"}],"replies":[{"embeddable":true,"href":"https:\/\/archive.sana.sy\/tr\/index.php?rest_route=%2Fwp%2Fv2%2Fcomments&post=63309"}],"version-history":[{"count":0,"href":"https:\/\/archive.sana.sy\/tr\/index.php?rest_route=\/wp\/v2\/posts\/63309\/revisions"}],"wp:featuredmedia":[{"embeddable":true,"href":"https:\/\/archive.sana.sy\/tr\/index.php?rest_route=\/wp\/v2\/media\/63329"}],"wp:attachment":[{"href":"https:\/\/archive.sana.sy\/tr\/index.php?rest_route=%2Fwp%2Fv2%2Fmedia&parent=63309"}],"wp:term":[{"taxonomy":"category","embeddable":true,"href":"https:\/\/archive.sana.sy\/tr\/index.php?rest_route=%2Fwp%2Fv2%2Fcategories&post=63309"},{"taxonomy":"post_tag","embeddable":true,"href":"https:\/\/archive.sana.sy\/tr\/index.php?rest_route=%2Fwp%2Fv2%2Ftags&post=63309"}],"curies":[{"name":"wp","href":"https:\/\/api.w.org\/{rel}","templated":true}]}}